{"id":114,"date":"2014-08-22T23:19:08","date_gmt":"2014-08-22T23:19:08","guid":{"rendered":"http:\/\/cppe.org.pe\/nuevaweb\/?p=114"},"modified":"2024-08-09T12:38:31","modified_gmt":"2024-08-09T17:38:31","slug":"sentido-pesame-al-decano-nacional-julio-mendoza-garcia","status":"publish","type":"post","link":"https:\/\/cppe.org.pe\/portal\/sentido-pesame-al-decano-nacional-julio-mendoza-garcia\/","title":{"rendered":"Sentido P\u00e9same al Decano Nacional Julio Mendoza Garc\u00eda"},"content":{"rendered":"<p>Nuestas m\u00e1s sinceras condolecias al Decano Nacional del Colegio de Profesores del Per\u00fa, Julio Mendoza Garc\u00eda, por el fallecimiento de su querido padre.<!--more--><a href=\"https:\/\/cppe.net.pe\/portal\/wp-content\/uploads\/2014\/11\/thnoti5.jpg\"><img loading=\"lazy\" decoding=\"async\" class=\"aligncenter size-full wp-image-115\" src=\"https:\/\/cppe.net.pe\/portal\/wp-content\/uploads\/2014\/11\/thnoti5.jpg\" alt=\"thnoti\" width=\"500\" height=\"363\" \/><\/a><\/p>\n","protected":false},"excerpt":{"rendered":"<p>Nuestas m\u00e1s sinceras condolecias al Decano Nacional del Colegio de Profesores del Per\u00fa, Julio Mendoza Garc\u00eda, por el fallecimiento de su querido padre.<\/p>\n","protected":false},"author":4,"featured_media":0,"comment_status":"open","ping_status":"open","sticky":false,"template":"","format":"standard","meta":{"_seopress_robots_primary_cat":"","_seopress_titles_title":"","_seopress_titles_desc":"","_seopress_robots_index":"","_et_pb_use_builder":"","_et_pb_old_content":"","_et_gb_content_width":"","footnotes":""},"categories":[21],"tags":[],"class_list":["post-114","post","type-post","status-publish","format-standard","hentry","category-publicaciones"],"_links":{"self":[{"href":"https:\/\/cppe.org.pe\/portal\/wp-json\/wp\/v2\/posts\/114","targetHints":{"allow":["GET"]}}],"collection":[{"href":"https:\/\/cppe.org.pe\/portal\/wp-json\/wp\/v2\/posts"}],"about":[{"href":"https:\/\/cppe.org.pe\/portal\/wp-json\/wp\/v2\/types\/post"}],"author":[{"embeddable":true,"href":"https:\/\/cppe.org.pe\/portal\/wp-json\/wp\/v2\/users\/4"}],"replies":[{"embeddable":true,"href":"https:\/\/cppe.org.pe\/portal\/wp-json\/wp\/v2\/comments?post=114"}],"version-history":[{"count":1,"href":"https:\/\/cppe.org.pe\/portal\/wp-json\/wp\/v2\/posts\/114\/revisions"}],"predecessor-version":[{"id":6157,"href":"https:\/\/cppe.org.pe\/portal\/wp-json\/wp\/v2\/posts\/114\/revisions\/6157"}],"wp:attachment":[{"href":"https:\/\/cppe.org.pe\/portal\/wp-json\/wp\/v2\/media?parent=114"}],"wp:term":[{"taxonomy":"category","embeddable":true,"href":"https:\/\/cppe.org.pe\/portal\/wp-json\/wp\/v2\/categories?post=114"},{"taxonomy":"post_tag","embeddable":true,"href":"https:\/\/cppe.org.pe\/portal\/wp-json\/wp\/v2\/tags?post=114"}],"curies":[{"name":"wp","href":"https:\/\/api.w.org\/{rel}","templated":true}]}}