{"id":1317,"date":"2015-03-17T20:19:02","date_gmt":"2015-03-17T20:19:02","guid":{"rendered":"http:\/\/cppe.org.pe\/?p=1317"},"modified":"2024-08-09T12:35:40","modified_gmt":"2024-08-09T17:35:40","slug":"cppe-arequipa-ceremonia-por-el-bicentenario-de-la-muerte-de-mariano-melgar","status":"publish","type":"post","link":"https:\/\/cppe.org.pe\/portal\/cppe-arequipa-ceremonia-por-el-bicentenario-de-la-muerte-de-mariano-melgar\/","title":{"rendered":"CPPe AREQUIPA &#8211; Ceremonia por el Bicentenario de la Muerte de Mariano Melgar"},"content":{"rendered":"<div id=\"js_e\" class=\"_5pbx userContent\" data-ft=\"{&quot;tn&quot;:&quot;K&quot;}\">\n<blockquote><p><em><strong>CPPe AREQUIPA\u00a0<\/strong><\/em><\/p><\/blockquote>\n<p><strong>El d\u00eda 12 de Marzo se realizaron en Arequipa las ceremonias por el Bicentenario de la Muerte de Mariano Melgar, terminada la ceremonia se realiz\u00f3 el desfile Escolar, C\u00edvico, Policial y Militar en el que sobresali\u00f3 la participaci\u00f3n del Colegio de Profesores del Per\u00fa &#8211; Regi\u00f3n Arequipa encabezado por el Profesor Gerber P\u00e9rez Postigo &#8211; Decano Regional con su Junta Directiva y los Profesores de la Orden, por una cordial Invitaci\u00f3n representativa de la comisi\u00f3n multipartidaria del Congreso de la Rep\u00fablica encargada de organizar todos los actos conmemorativos por el Bicentenario de la Muerte del Precursor, Pr\u00f3cer, M\u00e1rtir y Poeta Mariano Melgar, as\u00ed como la invitaci\u00f3n del Dr. Alfredo Zegarra Alcalde Provincial de Arequipa, en la parte inferior est\u00e1n las fotos del Desfile del Colegio de Profesores del Per\u00fa &#8211; Regi\u00f3n Arequipa.<\/strong><\/p>\n<\/div>\n<div>\n<div data-ft=\"{&quot;tn&quot;:&quot;H&quot;}\">\n<div class=\"mtm\">\n<div class=\"_2a2q\">\n<div class=\"_46-h\"><img loading=\"lazy\" decoding=\"async\" class=\"_46-i img\" src=\"https:\/\/fbcdn-sphotos-d-a.akamaihd.net\/hphotos-ak-xpa1\/v\/t1.0-9\/s480x480\/1607043_1580642478860863_7815888080849877704_n.jpg?oh=911631c6984fe0369d79b92930558984&amp;oe=557FA579&amp;__gda__=1434047903_653a578fcdecfc5eebb400a1969edcc4\" alt=\"&quot;CPPe AREQUIPA&quot;\" width=\"480\" height=\"360\" \/><\/div>\n<div class=\"_46-h\"><img loading=\"lazy\" decoding=\"async\" class=\"_46-i img\" src=\"https:\/\/fbcdn-sphotos-e-a.akamaihd.net\/hphotos-ak-xap1\/v\/t1.0-9\/p240x240\/10460729_1580642525527525_429092102094479127_n.jpg?oh=e7e0de3f2a1e40b1c2257b2a6117707d&amp;oe=55790C3C&amp;__gda__=1437900642_6272e777ccae4c4aeaf98c08dacbc592\" alt=\"&quot;CPPe AREQUIPA&quot;\" width=\"477\" height=\"358\" \/><\/div>\n<div class=\"_46-h\"><img loading=\"lazy\" decoding=\"async\" class=\"_46-i img\" src=\"https:\/\/fbcdn-sphotos-f-a.akamaihd.net\/hphotos-ak-xpf1\/v\/t1.0-9\/p240x240\/10423818_1580642518860859_5750320318174101809_n.jpg?oh=cecfe8f276dc508d11fc5bfb09cd7cc1&amp;oe=55B99F42&amp;__gda__=1438499049_b968998ae011f00afb058afcfdf93044\" alt=\"&quot;CPPe AREQUIPA&quot;\" width=\"483\" height=\"362\" \/><\/div>\n<\/div>\n<\/div>\n<\/div>\n<\/div>\n<div><\/div>\n","protected":false},"excerpt":{"rendered":"<p>CPPe AREQUIPA\u00a0 El d\u00eda 12 de Marzo se realizaron en Arequipa las ceremonias por el Bicentenario de la Muerte de Mariano Melgar, terminada la ceremonia se realiz\u00f3 el desfile Escolar, C\u00edvico, Policial y Militar en el que sobresali\u00f3 la participaci\u00f3n del Colegio de Profesores del Per\u00fa &#8211; Regi\u00f3n Arequipa encabezado por el Profesor Gerber P\u00e9rez [&hellip;]<\/p>\n","protected":false},"author":3,"featured_media":1318,"comment_status":"open","ping_status":"open","sticky":false,"template":"","format":"standard","meta":{"_seopress_robots_primary_cat":"","_seopress_titles_title":"","_seopress_titles_desc":"","_seopress_robots_index":"","_et_pb_use_builder":"","_et_pb_old_content":"","_et_gb_content_width":"","footnotes":""},"categories":[21],"tags":[],"class_list":["post-1317","post","type-post","status-publish","format-standard","has-post-thumbnail","hentry","category-publicaciones"],"_links":{"self":[{"href":"https:\/\/cppe.org.pe\/portal\/wp-json\/wp\/v2\/posts\/1317","targetHints":{"allow":["GET"]}}],"collection":[{"href":"https:\/\/cppe.org.pe\/portal\/wp-json\/wp\/v2\/posts"}],"about":[{"href":"https:\/\/cppe.org.pe\/portal\/wp-json\/wp\/v2\/types\/post"}],"author":[{"embeddable":true,"href":"https:\/\/cppe.org.pe\/portal\/wp-json\/wp\/v2\/users\/3"}],"replies":[{"embeddable":true,"href":"https:\/\/cppe.org.pe\/portal\/wp-json\/wp\/v2\/comments?post=1317"}],"version-history":[{"count":1,"href":"https:\/\/cppe.org.pe\/portal\/wp-json\/wp\/v2\/posts\/1317\/revisions"}],"predecessor-version":[{"id":6098,"href":"https:\/\/cppe.org.pe\/portal\/wp-json\/wp\/v2\/posts\/1317\/revisions\/6098"}],"wp:featuredmedia":[{"embeddable":true,"href":"https:\/\/cppe.org.pe\/portal\/wp-json\/wp\/v2\/media\/1318"}],"wp:attachment":[{"href":"https:\/\/cppe.org.pe\/portal\/wp-json\/wp\/v2\/media?parent=1317"}],"wp:term":[{"taxonomy":"category","embeddable":true,"href":"https:\/\/cppe.org.pe\/portal\/wp-json\/wp\/v2\/categories?post=1317"},{"taxonomy":"post_tag","embeddable":true,"href":"https:\/\/cppe.org.pe\/portal\/wp-json\/wp\/v2\/tags?post=1317"}],"curies":[{"name":"wp","href":"https:\/\/api.w.org\/{rel}","templated":true}]}}