{"id":1351,"date":"2015-04-07T17:40:30","date_gmt":"2015-04-07T17:40:30","guid":{"rendered":"http:\/\/cppe.org.pe\/?p=1351"},"modified":"2024-08-09T12:35:33","modified_gmt":"2024-08-09T17:35:33","slug":"resolucion-ministerial-n199-2015-minedu-modifican-diseno-curricular-nacional-de-la-educacion-basica-regular","status":"publish","type":"post","link":"https:\/\/cppe.org.pe\/portal\/resolucion-ministerial-n199-2015-minedu-modifican-diseno-curricular-nacional-de-la-educacion-basica-regular\/","title":{"rendered":"Resoluci\u00f3n Ministerial N\u00b0199-2015-MINEDU \/ Modifican Dise\u00f1o Curricular Nacional de la Educaci\u00f3n B\u00e1sica Regular"},"content":{"rendered":"<address style=\"text-align: justify;\"><em><strong>El \u00a025 de marzo de 2015, se ha publicado en el Diario Oficial El Peruano, la Resoluci\u00f3n Ministerial N\u00b0 199-2015-MINEDU, mediante la que se modifica parcialmente el Dise\u00f1o Curricular Nacional de la Educaci\u00f3n B\u00e1sica Regular, aprobado por Resoluci\u00f3n Ministerial N\u00ba 0440-2008-ED, respecto de las competencias y capacidades de algunas \u00e1reas curriculares, e incorporan indicadores de desempe\u00f1o para cada grado y\/o ciclo, seg\u00fan corresponda, conforme a lo establecido en los Anexos que forman parte integrante de la mencionada resoluci\u00f3n.<\/strong><\/em><\/address>\n<address style=\"text-align: justify;\">\u00a0<\/address>\n<address style=\"text-align: justify;\">\u00a0<\/address>\n<p><span style=\"color: #000080;\">Para visualizar la Resoluci\u00f3n, ingresar al siguiente enlace:<\/span><\/p>\n<p><a title=\"Resoluci\u00f3n Ministerial N\u00b0199-2015-MINEDU\" href=\"https:\/\/es.scribd.com\/doc\/261156353\/Resolucion-Ministerial-N-199-2015-MINEDU\" target=\"_blank\" rel=\"noopener\">https:\/\/es.scribd.com\/doc\/261156353\/Resolucion-Ministerial-N-199-2015-MINEDU<\/a><\/p>\n","protected":false},"excerpt":{"rendered":"<p>El \u00a025 de marzo de 2015, se ha publicado en el Diario Oficial El Peruano, la Resoluci\u00f3n Ministerial N\u00b0 199-2015-MINEDU, mediante la que se modifica parcialmente el Dise\u00f1o Curricular Nacional de la Educaci\u00f3n B\u00e1sica Regular, aprobado por Resoluci\u00f3n Ministerial N\u00ba 0440-2008-ED, respecto de las competencias y capacidades de algunas \u00e1reas curriculares, e incorporan indicadores de [&hellip;]<\/p>\n","protected":false},"author":3,"featured_media":1360,"comment_status":"open","ping_status":"open","sticky":false,"template":"","format":"standard","meta":{"_seopress_robots_primary_cat":"","_seopress_titles_title":"","_seopress_titles_desc":"","_seopress_robots_index":"","_et_pb_use_builder":"","_et_pb_old_content":"","_et_gb_content_width":"","footnotes":""},"categories":[21],"tags":[],"class_list":["post-1351","post","type-post","status-publish","format-standard","has-post-thumbnail","hentry","category-publicaciones"],"_links":{"self":[{"href":"https:\/\/cppe.org.pe\/portal\/wp-json\/wp\/v2\/posts\/1351","targetHints":{"allow":["GET"]}}],"collection":[{"href":"https:\/\/cppe.org.pe\/portal\/wp-json\/wp\/v2\/posts"}],"about":[{"href":"https:\/\/cppe.org.pe\/portal\/wp-json\/wp\/v2\/types\/post"}],"author":[{"embeddable":true,"href":"https:\/\/cppe.org.pe\/portal\/wp-json\/wp\/v2\/users\/3"}],"replies":[{"embeddable":true,"href":"https:\/\/cppe.org.pe\/portal\/wp-json\/wp\/v2\/comments?post=1351"}],"version-history":[{"count":1,"href":"https:\/\/cppe.org.pe\/portal\/wp-json\/wp\/v2\/posts\/1351\/revisions"}],"predecessor-version":[{"id":6091,"href":"https:\/\/cppe.org.pe\/portal\/wp-json\/wp\/v2\/posts\/1351\/revisions\/6091"}],"wp:featuredmedia":[{"embeddable":true,"href":"https:\/\/cppe.org.pe\/portal\/wp-json\/wp\/v2\/media\/1360"}],"wp:attachment":[{"href":"https:\/\/cppe.org.pe\/portal\/wp-json\/wp\/v2\/media?parent=1351"}],"wp:term":[{"taxonomy":"category","embeddable":true,"href":"https:\/\/cppe.org.pe\/portal\/wp-json\/wp\/v2\/categories?post=1351"},{"taxonomy":"post_tag","embeddable":true,"href":"https:\/\/cppe.org.pe\/portal\/wp-json\/wp\/v2\/tags?post=1351"}],"curies":[{"name":"wp","href":"https:\/\/api.w.org\/{rel}","templated":true}]}}