{"id":1363,"date":"2015-04-08T21:06:50","date_gmt":"2015-04-08T21:06:50","guid":{"rendered":"http:\/\/cppe.org.pe\/?p=1363"},"modified":"2024-08-09T12:35:24","modified_gmt":"2024-08-09T17:35:24","slug":"mintra-envia-notificacion-de-resolucion-a-decano-nacional-del-cppe-lic-julio-a-mendoza-garcia","status":"publish","type":"post","link":"https:\/\/cppe.org.pe\/portal\/mintra-envia-notificacion-de-resolucion-a-decano-nacional-del-cppe-lic-julio-a-mendoza-garcia\/","title":{"rendered":"ESSALUD env\u00eda notificaci\u00f3n de Resoluci\u00f3n a Decano Nacional del CPPe &#8211; Lic. Julio A. Mendoza Garc\u00eda"},"content":{"rendered":"<blockquote>\n<address style=\"text-align: justify;\"><strong>El Ministerio de Trabajo y Promoci\u00f3n del Empleo &#8211; Seguro Social de Salud ESSALUD, env\u00eda al Lic. Julio A. Mendoza Garc\u00eda &#8211; Decano Nacional del CPPe,una notificaci\u00f3n de la Resoluci\u00f3n de Presidencia Ejecutiva N\u00b0\u00b0198-PE-ESSALUD- 2015 de fecha 12 de marzo de 2015 mediante la cual se resuelve invocar a los profesionales que laboran en el Seguro Social de Salud &#8211; ESSALUD para que cumplan con las disposiciones de su Colegio Profesional.<\/strong><\/address>\n<\/blockquote>\n<address style=\"text-align: justify;\">\u00a0<\/address>\n<address style=\"text-align: justify;\"><img decoding=\"async\" src=\"https:\/\/scontent-mia.xx.fbcdn.net\/hphotos-xat1\/v\/t1.0-9\/21741_1589719081286536_2167228751826444864_n.jpg?oh=c98334a454b8652ca86c4995a9b0e0d5&amp;oe=55B98B74\" alt=\"\" \/><\/address>\n<address style=\"text-align: justify;\"><img decoding=\"async\" src=\"https:\/\/scontent-mia.xx.fbcdn.net\/hphotos-xfp1\/v\/t1.0-9\/11053566_1589719117953199_245973438927988417_n.jpg?oh=94631492cf91b10749beb10ff5948864&amp;oe=55A14D22\" alt=\"\" \/><\/address>\n<address style=\"text-align: justify;\"><img decoding=\"async\" src=\"https:\/\/scontent-mia.xx.fbcdn.net\/hphotos-xap1\/t31.0-8\/s960x960\/11136103_1589719114619866_2726135996124519324_o.jpg\" alt=\"\" \/><\/address>\n<address style=\"text-align: justify;\">\u00a0<\/address>\n<address style=\"text-align: justify;\"><em><strong>Descargar en PDF:<a title=\"RESOLUCI\u00d3N N\u00b0198-PE-ESSALUD- 2015 \" href=\"https:\/\/es.scribd.com\/doc\/261285839\/Notificacion-de-la-Resolucion-de-Presidencia-Ejecutiva-N-198-PE-ESSALUD-2015\">\u00a0https:\/\/es.scribd.com\/doc\/261285839\/Notificacion-de-la-Resolucion-de-Presidencia-Ejecutiva-N-198-PE-ESSALUD-2015<\/a><\/strong><\/em><\/address>\n","protected":false},"excerpt":{"rendered":"<p>El Ministerio de Trabajo y Promoci\u00f3n del Empleo &#8211; Seguro Social de Salud ESSALUD, env\u00eda al Lic. Julio A. Mendoza Garc\u00eda &#8211; Decano Nacional del CPPe,una notificaci\u00f3n de la Resoluci\u00f3n de Presidencia Ejecutiva N\u00b0\u00b0198-PE-ESSALUD- 2015 de fecha 12 de marzo de 2015 mediante la cual se resuelve invocar a los profesionales que laboran en el [&hellip;]<\/p>\n","protected":false},"author":3,"featured_media":1367,"comment_status":"open","ping_status":"open","sticky":false,"template":"","format":"standard","meta":{"_seopress_robots_primary_cat":"","_seopress_titles_title":"","_seopress_titles_desc":"","_seopress_robots_index":"","_et_pb_use_builder":"","_et_pb_old_content":"","_et_gb_content_width":"","footnotes":""},"categories":[21],"tags":[],"class_list":["post-1363","post","type-post","status-publish","format-standard","has-post-thumbnail","hentry","category-publicaciones"],"_links":{"self":[{"href":"https:\/\/cppe.org.pe\/portal\/wp-json\/wp\/v2\/posts\/1363","targetHints":{"allow":["GET"]}}],"collection":[{"href":"https:\/\/cppe.org.pe\/portal\/wp-json\/wp\/v2\/posts"}],"about":[{"href":"https:\/\/cppe.org.pe\/portal\/wp-json\/wp\/v2\/types\/post"}],"author":[{"embeddable":true,"href":"https:\/\/cppe.org.pe\/portal\/wp-json\/wp\/v2\/users\/3"}],"replies":[{"embeddable":true,"href":"https:\/\/cppe.org.pe\/portal\/wp-json\/wp\/v2\/comments?post=1363"}],"version-history":[{"count":1,"href":"https:\/\/cppe.org.pe\/portal\/wp-json\/wp\/v2\/posts\/1363\/revisions"}],"predecessor-version":[{"id":6090,"href":"https:\/\/cppe.org.pe\/portal\/wp-json\/wp\/v2\/posts\/1363\/revisions\/6090"}],"wp:featuredmedia":[{"embeddable":true,"href":"https:\/\/cppe.org.pe\/portal\/wp-json\/wp\/v2\/media\/1367"}],"wp:attachment":[{"href":"https:\/\/cppe.org.pe\/portal\/wp-json\/wp\/v2\/media?parent=1363"}],"wp:term":[{"taxonomy":"category","embeddable":true,"href":"https:\/\/cppe.org.pe\/portal\/wp-json\/wp\/v2\/categories?post=1363"},{"taxonomy":"post_tag","embeddable":true,"href":"https:\/\/cppe.org.pe\/portal\/wp-json\/wp\/v2\/tags?post=1363"}],"curies":[{"name":"wp","href":"https:\/\/api.w.org\/{rel}","templated":true}]}}