{"id":1400,"date":"2015-04-22T16:32:29","date_gmt":"2015-04-22T16:32:29","guid":{"rendered":"http:\/\/cppe.org.pe\/?p=1400"},"modified":"2024-08-09T12:35:02","modified_gmt":"2024-08-09T17:35:02","slug":"uladech-catolica-solicita-docentes-en-educacion-inicial-primaria-y-secundaria","status":"publish","type":"post","link":"https:\/\/cppe.org.pe\/portal\/uladech-catolica-solicita-docentes-en-educacion-inicial-primaria-y-secundaria\/","title":{"rendered":"ULADECH Cat\u00f3lica solicita docentes en Educaci\u00f3n Inicial, Primaria y Secundaria"},"content":{"rendered":"<p>Difundimos este anuncio, a solicitud de la oficina de Coordinaci\u00f3n de la ULADECH Cat\u00f3lica<\/p>\n<p style=\"text-align: justify;\">La Universidad Cat\u00f3lica Los \u00c1ngeles de Chimbote &#8211; Filial Lima , requiere Licenciados en Educaci\u00f3n Inicial , Primaria , Secundaria Especialidad Lengua . Literatura y Comunicaci\u00f3n , Matem\u00e1tica , F\u00edsica y Computaci\u00f3n, Historia Colegiados con el fin de asumir el cargo de Docente en nuestra Instituci\u00f3n Superior.<\/p>\n<p style=\"text-align: justify;\">Los interesados comunicarse al tel\u00e9fono 266-2269 con la Srta. Danae Vega o acer<span class=\"text_exposed_show\">carse a dejar su Curr\u00edculum V\u00edtae Documentado en Av. Arequipa 1604 &#8211; Lince .<\/span><\/p>\n<div class=\"text_exposed_show\">\n<p><strong>ULADECH Cat\u00f3lica<\/strong><br \/>\n<strong>Crecemos Contigo!<\/strong><\/p>\n<p><img decoding=\"async\" src=\"https:\/\/scontent-mia.xx.fbcdn.net\/hphotos-xpa1\/t31.0-8\/s960x960\/11141315_1595457074046070_7414569492790486069_o.jpg\" alt=\"\" \/><\/p>\n<p><img decoding=\"async\" src=\"https:\/\/scontent-mia.xx.fbcdn.net\/hphotos-xpa1\/t31.0-8\/s960x960\/11078205_1595457050712739_254434098869426262_o.jpg\" alt=\"\" \/><\/p>\n<\/div>\n","protected":false},"excerpt":{"rendered":"<p>Difundimos este anuncio, a solicitud de la oficina de Coordinaci\u00f3n de la ULADECH Cat\u00f3lica La Universidad Cat\u00f3lica Los \u00c1ngeles de Chimbote &#8211; Filial Lima , requiere Licenciados en Educaci\u00f3n Inicial , Primaria , Secundaria Especialidad Lengua . Literatura y Comunicaci\u00f3n , Matem\u00e1tica , F\u00edsica y Computaci\u00f3n, Historia Colegiados con el fin de asumir el cargo [&hellip;]<\/p>\n","protected":false},"author":3,"featured_media":1401,"comment_status":"open","ping_status":"open","sticky":false,"template":"","format":"standard","meta":{"_seopress_robots_primary_cat":"","_seopress_titles_title":"","_seopress_titles_desc":"","_seopress_robots_index":"","_et_pb_use_builder":"","_et_pb_old_content":"","_et_gb_content_width":"","footnotes":""},"categories":[21],"tags":[],"class_list":["post-1400","post","type-post","status-publish","format-standard","has-post-thumbnail","hentry","category-publicaciones"],"_links":{"self":[{"href":"https:\/\/cppe.org.pe\/portal\/wp-json\/wp\/v2\/posts\/1400","targetHints":{"allow":["GET"]}}],"collection":[{"href":"https:\/\/cppe.org.pe\/portal\/wp-json\/wp\/v2\/posts"}],"about":[{"href":"https:\/\/cppe.org.pe\/portal\/wp-json\/wp\/v2\/types\/post"}],"author":[{"embeddable":true,"href":"https:\/\/cppe.org.pe\/portal\/wp-json\/wp\/v2\/users\/3"}],"replies":[{"embeddable":true,"href":"https:\/\/cppe.org.pe\/portal\/wp-json\/wp\/v2\/comments?post=1400"}],"version-history":[{"count":1,"href":"https:\/\/cppe.org.pe\/portal\/wp-json\/wp\/v2\/posts\/1400\/revisions"}],"predecessor-version":[{"id":6082,"href":"https:\/\/cppe.org.pe\/portal\/wp-json\/wp\/v2\/posts\/1400\/revisions\/6082"}],"wp:featuredmedia":[{"embeddable":true,"href":"https:\/\/cppe.org.pe\/portal\/wp-json\/wp\/v2\/media\/1401"}],"wp:attachment":[{"href":"https:\/\/cppe.org.pe\/portal\/wp-json\/wp\/v2\/media?parent=1400"}],"wp:term":[{"taxonomy":"category","embeddable":true,"href":"https:\/\/cppe.org.pe\/portal\/wp-json\/wp\/v2\/categories?post=1400"},{"taxonomy":"post_tag","embeddable":true,"href":"https:\/\/cppe.org.pe\/portal\/wp-json\/wp\/v2\/tags?post=1400"}],"curies":[{"name":"wp","href":"https:\/\/api.w.org\/{rel}","templated":true}]}}