{"id":1421,"date":"2015-04-28T21:02:51","date_gmt":"2015-04-28T21:02:51","guid":{"rendered":"http:\/\/cppe.org.pe\/?p=1421"},"modified":"2024-08-09T12:35:01","modified_gmt":"2024-08-09T17:35:01","slug":"admiten-a-tramite-la-demanda-interpuesta-por-el-cppe-al-ministerio-de-educacion-sobre-accion-popular","status":"publish","type":"post","link":"https:\/\/cppe.org.pe\/portal\/admiten-a-tramite-la-demanda-interpuesta-por-el-cppe-al-ministerio-de-educacion-sobre-accion-popular\/","title":{"rendered":"Admiten a tr\u00e1mite la demanda interpuesta por el CPPe contra el Ministerio de Educaci\u00f3n sobre Acci\u00f3n Popular"},"content":{"rendered":"<blockquote><p><strong>Admiten a tr\u00e1mite la demanda interpuesta por el COLEGIO DE PROFESORES DEL PER\u00da debidamente representado por su Decano Nacional Julio A. Mendoza Garc\u00eda y el Past Decano Manuel E. Rodr\u00edguez Rodr\u00edguez contra el MINISTERIO DE EDUCACI\u00d3N sobre la ACCI\u00d3N POPULAR.<\/strong><\/p>\n<address>\u00a0<\/address>\n<\/blockquote>\n<p><img decoding=\"async\" src=\"https:\/\/html2-f.scribdassets.com\/763uib10ao4fpy2o\/images\/1-3edcc47eb9.jpg\" alt=\"\" \/><\/p>\n<p><img decoding=\"async\" src=\"https:\/\/html2-f.scribdassets.com\/763uib10ao4fpy2o\/images\/2-6a3a6d5ed5.jpg\" alt=\"\" \/><\/p>\n","protected":false},"excerpt":{"rendered":"<p>Admiten a tr\u00e1mite la demanda interpuesta por el COLEGIO DE PROFESORES DEL PER\u00da debidamente representado por su Decano Nacional Julio A. Mendoza Garc\u00eda y el Past Decano Manuel E. Rodr\u00edguez Rodr\u00edguez contra el MINISTERIO DE EDUCACI\u00d3N sobre la ACCI\u00d3N POPULAR. \u00a0<\/p>\n","protected":false},"author":3,"featured_media":1418,"comment_status":"open","ping_status":"open","sticky":false,"template":"","format":"standard","meta":{"_seopress_robots_primary_cat":"","_seopress_titles_title":"","_seopress_titles_desc":"","_seopress_robots_index":"","_et_pb_use_builder":"","_et_pb_old_content":"","_et_gb_content_width":"","footnotes":""},"categories":[21],"tags":[],"class_list":["post-1421","post","type-post","status-publish","format-standard","has-post-thumbnail","hentry","category-publicaciones"],"_links":{"self":[{"href":"https:\/\/cppe.org.pe\/portal\/wp-json\/wp\/v2\/posts\/1421","targetHints":{"allow":["GET"]}}],"collection":[{"href":"https:\/\/cppe.org.pe\/portal\/wp-json\/wp\/v2\/posts"}],"about":[{"href":"https:\/\/cppe.org.pe\/portal\/wp-json\/wp\/v2\/types\/post"}],"author":[{"embeddable":true,"href":"https:\/\/cppe.org.pe\/portal\/wp-json\/wp\/v2\/users\/3"}],"replies":[{"embeddable":true,"href":"https:\/\/cppe.org.pe\/portal\/wp-json\/wp\/v2\/comments?post=1421"}],"version-history":[{"count":1,"href":"https:\/\/cppe.org.pe\/portal\/wp-json\/wp\/v2\/posts\/1421\/revisions"}],"predecessor-version":[{"id":6077,"href":"https:\/\/cppe.org.pe\/portal\/wp-json\/wp\/v2\/posts\/1421\/revisions\/6077"}],"wp:featuredmedia":[{"embeddable":true,"href":"https:\/\/cppe.org.pe\/portal\/wp-json\/wp\/v2\/media\/1418"}],"wp:attachment":[{"href":"https:\/\/cppe.org.pe\/portal\/wp-json\/wp\/v2\/media?parent=1421"}],"wp:term":[{"taxonomy":"category","embeddable":true,"href":"https:\/\/cppe.org.pe\/portal\/wp-json\/wp\/v2\/categories?post=1421"},{"taxonomy":"post_tag","embeddable":true,"href":"https:\/\/cppe.org.pe\/portal\/wp-json\/wp\/v2\/tags?post=1421"}],"curies":[{"name":"wp","href":"https:\/\/api.w.org\/{rel}","templated":true}]}}