{"id":1426,"date":"2015-04-29T18:52:08","date_gmt":"2015-04-29T18:52:08","guid":{"rendered":"http:\/\/cppe.org.pe\/?p=1426"},"modified":"2024-08-09T12:34:32","modified_gmt":"2024-08-09T17:34:32","slug":"los-maestros-de-arequipa-rechazaron-la-farsa-electoral","status":"publish","type":"post","link":"https:\/\/cppe.org.pe\/portal\/los-maestros-de-arequipa-rechazaron-la-farsa-electoral\/","title":{"rendered":"LOS MAESTROS DE AREQUIPA RECHAZARON LA FARSA ELECTORAL"},"content":{"rendered":"<p>&nbsp;<\/p>\n<p>CPPe REGI\u00d3N AREQUIPA<\/p>\n<p>LOS MAESTROS DE AREQUIPA RECHAZARON LA ACTITUD DIVISIONISTA DE SALAZAR PISCOYA.<\/p>\n<p style=\"text-align: justify;\">Exhibimos las \u00a0pruebas, unos confundidos maestros dicen que \u201celigieron\u201d al Alex Paredes como \u201cDecano\u201d. Van mal, ah\u00ed tienen documentos que demuestran que este personaje termin\u00f3 sus estudios en la universidad en 22 a\u00f1os y \u00a0que fue nombrado con un falso diploma de egresado y que con total falta de \u00e9tica pretendi\u00f3, adem\u00e1s, hacerse acumular sus a\u00f1os de estudio.<\/p>\n<p>&nbsp;<\/p>\n<p>&nbsp;<\/p>\n<p>&nbsp;<\/p>\n<p><img decoding=\"async\" src=\"https:\/\/fbcdn-sphotos-g-a.akamaihd.net\/hphotos-ak-xfp1\/v\/t1.0-9\/11182034_1598849607040150_1089920329114326168_n.jpg?oh=cf025d9f7d19f506bfccc6c9281b270d&amp;oe=55DFF346&amp;__gda__=1440210710_e96c40636c57f5a227dc115aa21d6830\" alt=\"\" \/><\/p>\n<p><img decoding=\"async\" src=\"https:\/\/fbcdn-sphotos-a-a.akamaihd.net\/hphotos-ak-xpf1\/v\/t1.0-9\/11026293_1598849610373483_1538087881117669626_n.jpg?oh=6a634d3e9b6a1ccb66f3165b0045a48e&amp;oe=55CD939A&amp;__gda__=1439798181_51263ba5a1adf8aa1a9e7e586bb7d2d5\" alt=\"\" \/><\/p>\n<p>&nbsp;<\/p>\n<p><img loading=\"lazy\" decoding=\"async\" class=\"\" src=\"https:\/\/scontent-mia.xx.fbcdn.net\/hphotos-xft1\/v\/t1.0-9\/11193247_1598849570373487_6316819588851369597_n.jpg?oh=a3f8ff1e6954c2ba9e414482a6b2a3fe&amp;oe=55CE2DAA\" alt=\"\" width=\"909\" height=\"606\" \/><\/p>\n<p><img decoding=\"async\" src=\"https:\/\/scontent-mia.xx.fbcdn.net\/hphotos-xpf1\/v\/t1.0-9\/11011964_1598873300371114_3394896753685990916_n.jpg?oh=e448b1b771b7a00f641ffb39d0600ce1&amp;oe=55DFF7C6\" alt=\"\" \/><\/p>\n","protected":false},"excerpt":{"rendered":"<p>&nbsp; CPPe REGI\u00d3N AREQUIPA LOS MAESTROS DE AREQUIPA RECHAZARON LA ACTITUD DIVISIONISTA DE SALAZAR PISCOYA. Exhibimos las \u00a0pruebas, unos confundidos maestros dicen que \u201celigieron\u201d al Alex Paredes como \u201cDecano\u201d. Van mal, ah\u00ed tienen documentos que demuestran que este personaje termin\u00f3 sus estudios en la universidad en 22 a\u00f1os y \u00a0que fue nombrado con un falso [&hellip;]<\/p>\n","protected":false},"author":3,"featured_media":1418,"comment_status":"open","ping_status":"open","sticky":false,"template":"","format":"standard","meta":{"_seopress_robots_primary_cat":"","_seopress_titles_title":"","_seopress_titles_desc":"","_seopress_robots_index":"","_et_pb_use_builder":"","_et_pb_old_content":"","_et_gb_content_width":"","footnotes":""},"categories":[21],"tags":[],"class_list":["post-1426","post","type-post","status-publish","format-standard","has-post-thumbnail","hentry","category-publicaciones"],"_links":{"self":[{"href":"https:\/\/cppe.org.pe\/portal\/wp-json\/wp\/v2\/posts\/1426","targetHints":{"allow":["GET"]}}],"collection":[{"href":"https:\/\/cppe.org.pe\/portal\/wp-json\/wp\/v2\/posts"}],"about":[{"href":"https:\/\/cppe.org.pe\/portal\/wp-json\/wp\/v2\/types\/post"}],"author":[{"embeddable":true,"href":"https:\/\/cppe.org.pe\/portal\/wp-json\/wp\/v2\/users\/3"}],"replies":[{"embeddable":true,"href":"https:\/\/cppe.org.pe\/portal\/wp-json\/wp\/v2\/comments?post=1426"}],"version-history":[{"count":1,"href":"https:\/\/cppe.org.pe\/portal\/wp-json\/wp\/v2\/posts\/1426\/revisions"}],"predecessor-version":[{"id":6075,"href":"https:\/\/cppe.org.pe\/portal\/wp-json\/wp\/v2\/posts\/1426\/revisions\/6075"}],"wp:featuredmedia":[{"embeddable":true,"href":"https:\/\/cppe.org.pe\/portal\/wp-json\/wp\/v2\/media\/1418"}],"wp:attachment":[{"href":"https:\/\/cppe.org.pe\/portal\/wp-json\/wp\/v2\/media?parent=1426"}],"wp:term":[{"taxonomy":"category","embeddable":true,"href":"https:\/\/cppe.org.pe\/portal\/wp-json\/wp\/v2\/categories?post=1426"},{"taxonomy":"post_tag","embeddable":true,"href":"https:\/\/cppe.org.pe\/portal\/wp-json\/wp\/v2\/tags?post=1426"}],"curies":[{"name":"wp","href":"https:\/\/api.w.org\/{rel}","templated":true}]}}