{"id":1436,"date":"2015-05-07T17:11:41","date_gmt":"2015-05-07T17:11:41","guid":{"rendered":"http:\/\/cppe.org.pe\/?p=1436"},"modified":"2024-08-09T12:34:03","modified_gmt":"2024-08-09T17:34:03","slug":"tarea-informa-no-153-manuel-iguiniz-la-educacion-es-necesaria-para-una-sociedad-mas-justa","status":"publish","type":"post","link":"https:\/\/cppe.org.pe\/portal\/tarea-informa-no-153-manuel-iguiniz-la-educacion-es-necesaria-para-una-sociedad-mas-justa\/","title":{"rendered":"Tarea Informa N\u00ba 153. Manuel Igui\u00f1iz: La educaci\u00f3n es necesaria para una sociedad m\u00e1s justa."},"content":{"rendered":"<p><strong>Fuente: TAREA INFORMA<\/strong><\/p>\n<p><strong>Para su conocimiento y difusi\u00f3n.\u00a0<\/strong><\/p>\n<p>&nbsp;<\/p>\n<table id=\"ecxyiv6841768908yui_3_16_0_1_1431038563670_18720\" class=\"ecxyiv6841768908body\" border=\"0\" width=\"100%\" cellspacing=\"0\" cellpadding=\"0\" bgcolor=\"#ffffff\">\n<tbody id=\"ecxyiv6841768908yui_3_16_0_1_1431038563670_18719\">\n<tr id=\"ecxyiv6841768908yui_3_16_0_1_1431038563670_18718\">\n<td id=\"ecxyiv6841768908yui_3_16_0_1_1431038563670_18717\" colspan=\"1\" rowspan=\"1\" align=\"center\">\n<table id=\"ecxyiv6841768908yui_3_16_0_1_1431038563670_18716\" class=\"ecxyiv6841768908TemplateWidth\" border=\"0\" width=\"600\" cellspacing=\"0\" cellpadding=\"1\">\n<tbody id=\"ecxyiv6841768908yui_3_16_0_1_1431038563670_18715\">\n<tr>\n<td colspan=\"1\" rowspan=\"1\" width=\"100%\"><\/td>\n<\/tr>\n<tr id=\"ecxyiv6841768908yui_3_16_0_1_1431038563670_18714\">\n<td id=\"ecxyiv6841768908yui_3_16_0_1_1431038563670_18713\" class=\"ecxyiv6841768908MainBorder\" colspan=\"1\" rowspan=\"1\" bgcolor=\"#000246\">\n<table id=\"ecxyiv6841768908yui_3_16_0_1_1431038563670_18712\" border=\"0\" width=\"100%\" cellspacing=\"0\" cellpadding=\"0\">\n<tbody id=\"ecxyiv6841768908yui_3_16_0_1_1431038563670_18711\">\n<tr id=\"ecxyiv6841768908yui_3_16_0_1_1431038563670_18710\">\n<td id=\"ecxyiv6841768908yui_3_16_0_1_1431038563670_18709\" class=\"ecxyiv6841768908MainPad\" colspan=\"1\" rowspan=\"1\" width=\"100%\">\n<table id=\"ecxyiv6841768908content_LETTER.BLOCK3\" border=\"0\" width=\"100%\" cellspacing=\"0\" cellpadding=\"0\">\n<tbody id=\"ecxyui_3_16_0_1_1430972847705_44977\">\n<tr id=\"ecxyui_3_16_0_1_1430972847705_44976\">\n<td id=\"ecxyui_3_16_0_1_1430972847705_44975\" colspan=\"1\" rowspan=\"1\" align=\"center\"><img loading=\"lazy\" decoding=\"async\" id=\"ecxyui_3_16_0_1_1430972847705_44974\" src=\"https:\/\/bay179.mail.live.com\/Handlers\/ImageProxy.mvc?bicild=&amp;canary=p%2f3prZzcYfrWHVahf6xZ%2fdjHk215XRV77rvoHpWhi5g%3d0&amp;url=http%3a%2f%2fih.constantcontact.com%2ffs043%2f1101951071729%2fimg%2f1.jpg\" alt=\"Tarea Asociaci\u00f3n de Publicaciones Educativas logo\" width=\"596\" height=\"87\" border=\"0\" data-id=\"17a9871c-bc8a-e477-e900-5cdac1c6809f\" \/><\/td>\n<\/tr>\n<\/tbody>\n<\/table>\n<table id=\"ecxyiv6841768908content_LETTER.BLOCK20\" width=\"100%\" cellspacing=\"0\" cellpadding=\"0\" bgcolor=\"#ffffff\">\n<tbody>\n<tr>\n<td colspan=\"1\" rowspan=\"1\" align=\"center\">\n<div align=\"center\"><strong>Por el derecho a una educaci\u00f3n liberadora<\/strong><\/div>\n<\/td>\n<\/tr>\n<\/tbody>\n<\/table>\n<table id=\"ecxyiv6841768908content_LETTER.BLOCK3\" border=\"0\" width=\"100%\" cellspacing=\"0\" cellpadding=\"5\" bgcolor=\"#003366\">\n<tbody id=\"ecxyiv6841768908yui_3_16_0_1_1431038563670_18708\">\n<tr id=\"ecxyiv6841768908yui_3_16_0_1_1431038563670_18707\" valign=\"top\">\n<td colspan=\"1\" rowspan=\"1\" align=\"left\" width=\"25%\"><b><b>Bolet\u00edn Mensual\u00a0\u00a0\u00a0\u00a0\u00a0<\/b><\/b><\/td>\n<td id=\"ecxyiv6841768908yui_3_16_0_1_1431038563670_18706\" colspan=\"1\" rowspan=\"1\" align=\"right\" width=\"85%\"><b>Lima,\u00a030 de abril de 2015\u00a0\u00a0\u00a0\u00a0\u00a0\u00a0\u00a0\u00a0\u00a0\u00a0\u00a0\u00a0\u00a0\u00a0\u00a0\u00a0\u00a0\u00a0\u00a0\u00a0\u00a0\u00a0\u00a0\u00a0\u00a0\u00a0\u00a0\u00a0\u00a0\u00a0\u00a0A\u00f1o\u00a014 No.\u00a0153<\/b><\/td>\n<\/tr>\n<\/tbody>\n<\/table>\n<\/td>\n<\/tr>\n<tr id=\"ecxyiv6841768908yui_3_16_0_1_1431038563670_19048\" valign=\"top\">\n<td id=\"ecxyiv6841768908yui_3_16_0_1_1431038563670_19047\" class=\"ecxyiv6841768908MainBG\" colspan=\"1\" rowspan=\"1\" bgcolor=\"#FFFFFF\" width=\"100%\">\n<table id=\"ecxyiv6841768908yui_3_16_0_1_1431038563670_19046\" border=\"0\" width=\"100%\" cellspacing=\"0\" cellpadding=\"0\">\n<tbody id=\"ecxyiv6841768908yui_3_16_0_1_1431038563670_19045\">\n<tr id=\"ecxyiv6841768908yui_3_16_0_1_1431038563670_19044\" valign=\"top\">\n<td colspan=\"1\" rowspan=\"1\" width=\"10\"><img loading=\"lazy\" decoding=\"async\" src=\"https:\/\/bay179.mail.live.com\/Handlers\/ImageProxy.mvc?bicild=&amp;canary=p%2f3prZzcYfrWHVahf6xZ%2fdjHk215XRV77rvoHpWhi5g%3d0&amp;url=http%3a%2f%2fimg.constantcontact.com%2fletters%2fimages%2fspacer.gif\" alt=\"\" width=\"10\" height=\"1\" border=\"0\" data-id=\"f3a1d890-b0e6-2268-695b-3091a14a9728\" \/><\/td>\n<td id=\"ecxyiv6841768908yui_3_16_0_1_1431038563670_19043\" class=\"ecxyiv6841768908MainWidth ecxyiv6841768908MainPad\" colspan=\"1\" rowspan=\"1\" valign=\"top\" width=\"410\">\n<table id=\"ecxyiv6841768908content_LETTER.BLOCK4\" border=\"0\" width=\"100%\" cellspacing=\"0\" cellpadding=\"5\">\n<tbody id=\"ecxyiv6841768908yui_3_16_0_1_1431038563670_19042\">\n<tr id=\"ecxyiv6841768908yui_3_16_0_1_1431038563670_19041\">\n<td id=\"ecxyiv6841768908yui_3_16_0_1_1431038563670_19040\" class=\"ecxyiv6841768908MainText\" colspan=\"1\" rowspan=\"1\"><strong>PARA DEBATIR<\/strong><\/p>\n<div>Manuel Igui\u00f1iz:<strong><br \/>\nLa educaci\u00f3n es necesaria para una sociedad m\u00e1s justa<img loading=\"lazy\" decoding=\"async\" class=\"ecxyiv6841768908cc-image-resize\" src=\"https:\/\/bay179.mail.live.com\/Handlers\/ImageProxy.mvc?bicild=&amp;canary=p%2f3prZzcYfrWHVahf6xZ%2fdjHk215XRV77rvoHpWhi5g%3d0&amp;url=http%3a%2f%2ftarea.org.pe%2fimagenes%2fManuel_Iguiniz-E.jpg\" alt=\"\" width=\"165\" height=\"128\" align=\"right\" border=\"0\" hspace=\"5\" vspace=\"5\" data-id=\"0f8ff308-a1b7-c97e-34a1-da9debf03d44\" \/><\/strong><\/div>\n<div id=\"ecxyiv6841768908yui_3_16_0_1_1431038563670_19038\"><span id=\"ecxyiv6841768908yui_3_16_0_1_1431038563670_19037\">La jornada escolar completa puede ser una medida de impacto estrat\u00e9gico para la educaci\u00f3n p\u00fablica si se desarrolla de modo integral y encara n\u00facleos cr\u00edticos para la autonom\u00eda escolar, como es el d\u00e9ficit de personal y si a futuro se reubican las prioridades, ahora puestas en la secundaria, reinstalando la jornada escolar completa en la primaria y priorizando la implantaci\u00f3n, que ser\u00e1 larga, en los grupos de menores aprendizajes, afirma Manuel Igui\u00f1iz, especialista en Educaci\u00f3n de la Universidad Antonio Ruiz de Montoya. (Entrevista concedida a Stakeholders Revista, el 17 de marzo del 2015).<br \/>\n<\/span><a href=\"http:\/\/r20.rs6.net\/tn.jsp?f=001Gi6MOaMTMe3brQnN8wuZvAgMl4ee8TpRhrLPsE5LWWryf0gWXSE_DD3Di8vLS5YS_Zj_4I0VXBwL5Ns_FK6F78vVDYZIZIuwNfv45Ne1bW9-xFk7bLj3yw8s1QVlbHgEq0-iS-tH9qwzyIhDovexqnVlLyRTfhv3pvs6J3RHqlqelHdMjrEGhHyRv8fHOBgKub3TL4XFyo0FbWLWxdGqdoIF5f9pi9m1XKCl1OVYfm6IVjPw4LLYtOV7syIW-vUP&amp;c=xOu0EImV2gHDLpJCGCg7ATvtlgz4he_AdF52FP5-vrVE0pQwoZAIuQ==&amp;ch=k8yPQVpSiLtrusRz-eyceKDVFNMuHGuZ3k4RVMKjR64nWcLKYxtwLw==\" target=\"_blank\" rel=\"nofollow noopener\" shape=\"rect\">Leer m\u00e1s&#8230;<\/a><\/div>\n<\/td>\n<\/tr>\n<\/tbody>\n<\/table>\n<table id=\"ecxyiv6841768908content_LETTER.BLOCK5\" border=\"0\" width=\"100%\" cellspacing=\"0\" cellpadding=\"5\">\n<tbody id=\"ecxyiv6841768908yui_3_16_0_1_1431038563670_19053\">\n<tr id=\"ecxyiv6841768908yui_3_16_0_1_1431038563670_19052\">\n<td id=\"ecxyiv6841768908yui_3_16_0_1_1431038563670_19051\" class=\"ecxyiv6841768908MainText\" colspan=\"1\" rowspan=\"1\">\n<div id=\"ecxyiv6841768908yui_3_16_0_1_1431038563670_19049\"><strong>NOTICIAS<\/strong><\/div>\n<\/td>\n<\/tr>\n<\/tbody>\n<\/table>\n<p><a href=\"https:\" target=\"_blank\" rel=\"nofollow noopener\" name=\"LETTER.BLOCK6\"><\/a><\/p>\n<table id=\"ecxyiv6841768908content_LETTER.BLOCK6\" border=\"0\" width=\"100%\" cellspacing=\"0\" cellpadding=\"5\">\n<tbody id=\"ecxyiv6841768908yui_3_16_0_1_1431038563670_19058\">\n<tr id=\"ecxyiv6841768908yui_3_16_0_1_1431038563670_19057\">\n<td id=\"ecxyiv6841768908yui_3_16_0_1_1431038563670_19056\" class=\"ecxyiv6841768908MainText\" colspan=\"1\" rowspan=\"1\" align=\"left\"><strong>Tribunal Constitucional confirma legalidad de la Ley de Reforma Magisterial<\/strong><\/p>\n<div id=\"ecxyiv6841768908yui_3_16_0_1_1431038563670_19055\"><span id=\"ecxyiv6841768908yui_3_16_0_1_1431038563670_19054\"><img loading=\"lazy\" decoding=\"async\" class=\"ecxyiv6841768908cc-image-resize\" src=\"https:\/\/bay179.mail.live.com\/Handlers\/ImageProxy.mvc?bicild=&amp;canary=p%2f3prZzcYfrWHVahf6xZ%2fdjHk215XRV77rvoHpWhi5g%3d0&amp;url=http%3a%2f%2ftarea.org.pe%2fimagenes%2fbole153_not01.jpg\" alt=\"Foto: Minedu\" width=\"165\" height=\"102\" align=\"right\" border=\"0\" hspace=\"5\" vspace=\"5\" data-id=\"2c210d09-1c02-9872-b4b0-ed90a5952561\" \/>La demanda de inconstitucionalidad de la Ley de Reforma Magisterial, formulada por el Colegio de Profesores del Per\u00fa, fue declarada infundada por el Tribunal Cons-titucional (TC) que ratific\u00f3 la com-petencia del Ministerio de Educaci\u00f3n (MINEDU) para implementar procesos de evaluaci\u00f3n adicionales a los regulares. Ratifica la legalidad de la estructura remunerativa de la Carrera P\u00fablica Magisterial (8 escalas). <\/span><a href=\"http:\/\/r20.rs6.net\/tn.jsp?f=001Gi6MOaMTMe3brQnN8wuZvAgMl4ee8TpRhrLPsE5LWWryf0gWXSE_DD3Di8vLS5YSX6X3Mj81C7r0rw92i8nxS22yIkwnUrC3ISyW9UGBmGT__JkaAv9IuYN9MIsy556aILMnueJC79qPLuFwFm9HCMVnh0Y4-uNtjkLzqkwG_6bzZylc3TdehDKrYRhDum1LWK9pg93chkmLgTfTiiT8meLfMWX2qLA63ccsvzVPZwfvFfBA5iSBUg==&amp;c=xOu0EImV2gHDLpJCGCg7ATvtlgz4he_AdF52FP5-vrVE0pQwoZAIuQ==&amp;ch=k8yPQVpSiLtrusRz-eyceKDVFNMuHGuZ3k4RVMKjR64nWcLKYxtwLw==\" target=\"_blank\" rel=\"nofollow noopener\" shape=\"rect\">Leer m\u00e1s&#8230;<\/a><\/div>\n<\/td>\n<\/tr>\n<\/tbody>\n<\/table>\n<p><a href=\"https:\" target=\"_blank\" rel=\"nofollow noopener\" name=\"LETTER.BLOCK7\"><\/a><\/p>\n<table id=\"ecxyiv6841768908content_LETTER.BLOCK7\" border=\"0\" width=\"100%\" cellspacing=\"0\" cellpadding=\"5\">\n<tbody id=\"ecxyiv6841768908yui_3_16_0_1_1431038563670_19063\">\n<tr id=\"ecxyiv6841768908yui_3_16_0_1_1431038563670_19062\">\n<td id=\"ecxyiv6841768908yui_3_16_0_1_1431038563670_19061\" class=\"ecxyiv6841768908MainText\" colspan=\"1\" rowspan=\"1\" align=\"left\">Sutep anuncia paro para el 14 de mayo<br \/>\n<strong>Maestros contratados cubrir\u00e1n plazas de 4800 interinos cesados<\/strong><\/p>\n<div id=\"ecxyiv6841768908yui_3_16_0_1_1431038563670_19060\"><span id=\"ecxyiv6841768908yui_3_16_0_1_1431038563670_19059\"><img loading=\"lazy\" decoding=\"async\" class=\"ecxyiv6841768908cc-image-resize\" src=\"https:\/\/bay179.mail.live.com\/Handlers\/ImageProxy.mvc?bicild=&amp;canary=p%2f3prZzcYfrWHVahf6xZ%2fdjHk215XRV77rvoHpWhi5g%3d0&amp;url=http%3a%2f%2ftarea.org.pe%2fimagenes%2fbole153_not02.jpg\" alt=\"Foto: La Rep\u00fablica\" width=\"165\" height=\"99\" align=\"right\" border=\"0\" hspace=\"5\" vspace=\"5\" data-id=\"c33c5610-9096-3c21-03f5-c1d16ee4334a\" \/>Desde el 1\u00b0 de junio maestros contratados pasar\u00e1n a ense\u00f1ar en las aulas en lugar de los maestros interinos cesados por haber desaprobado \u00faltimas evaluaciones del Ministerio de Educaci\u00f3n (Minedu). Por su parte el Sindicato Unitario de Trabajadores en la Educaci\u00f3n del Per\u00fa (Sutep) ha convocado a un paro para el pr\u00f3ximo 14 de mayo por despidos masivos. Para la experta en temas de educaci\u00f3n, Teresa Tovar, el Estado peruano tiene una deuda hist\u00f3rica y \u00e9tica de formaci\u00f3n con los docentes.<\/span> <a id=\"ecxyui_3_16_0_1_1430972847705_44978\" href=\"http:\/\/r20.rs6.net\/tn.jsp?f=001Gi6MOaMTMe3brQnN8wuZvAgMl4ee8TpRhrLPsE5LWWryf0gWXSE_DD3Di8vLS5YSt27lWpu3C_a-pOPKU8reCJGYlGpnkd1mson5jltwtFEwmZ8MZNO84op-dSolquFyV66uM-lieop5mRrYaoRRwpZQ22B1yQbfb_Fbj4JlmyzgYXU2b4sexVVxy85xqpQ98fi4SRDTTsFgy7FaK8lrQTqJHSiMGBmq-EJAYa2W2S8M32LaC6JqMQ==&amp;c=xOu0EImV2gHDLpJCGCg7ATvtlgz4he_AdF52FP5-vrVE0pQwoZAIuQ==&amp;ch=k8yPQVpSiLtrusRz-eyceKDVFNMuHGuZ3k4RVMKjR64nWcLKYxtwLw==\" target=\"_blank\" rel=\"nofollow noopener\" shape=\"rect\">Leer m\u00e1s&#8230;<\/a><\/div>\n<\/td>\n<\/tr>\n<\/tbody>\n<\/table>\n<p><a href=\"https:\" target=\"_blank\" rel=\"nofollow noopener\" name=\"LETTER.BLOCK9\"><\/a><\/p>\n<table id=\"ecxyiv6841768908content_LETTER.BLOCK9\" border=\"0\" width=\"100%\" cellspacing=\"0\" cellpadding=\"5\">\n<tbody id=\"ecxyiv6841768908yui_3_16_0_1_1431038563670_19068\">\n<tr id=\"ecxyiv6841768908yui_3_16_0_1_1431038563670_19067\">\n<td id=\"ecxyiv6841768908yui_3_16_0_1_1431038563670_19066\" class=\"ecxyiv6841768908MainText\" colspan=\"1\" rowspan=\"1\" align=\"left\">UNESCO presenta informe<br \/>\n<strong>Per\u00fa no ha logrado una educaci\u00f3n para todos<\/strong><\/p>\n<div id=\"ecxyiv6841768908yui_3_16_0_1_1431038563670_19064\"><img loading=\"lazy\" decoding=\"async\" class=\"ecxyiv6841768908cc-image-resize\" src=\"https:\/\/bay179.mail.live.com\/Handlers\/ImageProxy.mvc?bicild=&amp;canary=p%2f3prZzcYfrWHVahf6xZ%2fdjHk215XRV77rvoHpWhi5g%3d0&amp;url=http%3a%2f%2ftarea.org.pe%2fimagenes%2fbole153_not05.jpg\" alt=\"\" width=\"165\" height=\"81\" align=\"right\" border=\"0\" hspace=\"5\" vspace=\"5\" data-id=\"644e7ba0-fa58-c3d2-d51b-2979229f65bb\" \/>Seg\u00fan el \u00abInforme de Seguimiento de la EPT en el Mundo\u00bb, hasta el momento, el Per\u00fa no ha logrado cumplir los objetivos del programa Educaci\u00f3n para Todos (EPT), establecidos por 164 gobiernos en el a\u00f1o 2000 de cara al 2015, y que se centraban en un acceso universal a la educaci\u00f3n.<br \/>\nEn nuestro pa\u00eds, se habr\u00eda estancado el crecimiento en busca de lograr la educaci\u00f3n primaria universal antes de que finalice el 2015. <a href=\"http:\/\/r20.rs6.net\/tn.jsp?f=001Gi6MOaMTMe3brQnN8wuZvAgMl4ee8TpRhrLPsE5LWWryf0gWXSE_DD3Di8vLS5YSG2PnBnEiLw0PkoDDmA_fytTfvjzeKIX3X5citl458RomtCifLTH8Idg1cBhz1cVx2JUz7ZerM8bVWyzyxOeuNqsZ_YaVL87w3xgR_GrG8gwjyvh865_JTIZ3wCzMPuH439vgKkKVhdoxm6T0URT31npRBkkWD4TdJNkUJPTy9VxiQZ_YvOCrzw==&amp;c=xOu0EImV2gHDLpJCGCg7ATvtlgz4he_AdF52FP5-vrVE0pQwoZAIuQ==&amp;ch=k8yPQVpSiLtrusRz-eyceKDVFNMuHGuZ3k4RVMKjR64nWcLKYxtwLw==\" target=\"_blank\" rel=\"nofollow noopener\" shape=\"rect\">Leer m\u00e1s&#8230;<\/a><\/div>\n<\/td>\n<\/tr>\n<\/tbody>\n<\/table>\n<p><a href=\"https:\" target=\"_blank\" rel=\"nofollow noopener\" name=\"LETTER.BLOCK18\"><\/a><\/p>\n<table id=\"ecxyiv6841768908content_LETTER.BLOCK18\" border=\"0\" width=\"100%\" cellspacing=\"0\" cellpadding=\"5\">\n<tbody id=\"ecxyiv6841768908yui_3_16_0_1_1431038563670_19073\">\n<tr id=\"ecxyiv6841768908yui_3_16_0_1_1431038563670_19072\">\n<td id=\"ecxyiv6841768908yui_3_16_0_1_1431038563670_19071\" class=\"ecxyiv6841768908MainText\" colspan=\"1\" rowspan=\"1\" align=\"left\">Lanzan Observatorio regional<strong><br \/>\nPara dar visibilidad al tema de la educaci\u00f3n inclusiva en Am\u00e9rica Latina y el Caribe<\/strong><\/p>\n<div id=\"ecxyiv6841768908yui_3_16_0_1_1431038563670_19070\"><span id=\"ecxyiv6841768908yui_3_16_0_1_1431038563670_19069\"><img loading=\"lazy\" decoding=\"async\" class=\"ecxyiv6841768908cc-image-resize\" src=\"https:\/\/bay179.mail.live.com\/Handlers\/ImageProxy.mvc?bicild=&amp;canary=p%2f3prZzcYfrWHVahf6xZ%2fdjHk215XRV77rvoHpWhi5g%3d0&amp;url=http%3a%2f%2ftarea.org.pe%2fimagenes%2fbole153_Observ.jpg\" alt=\"\" width=\"119\" height=\"140\" align=\"right\" border=\"0\" hspace=\"5\" vspace=\"5\" data-id=\"e1e06a3c-4bec-44a2-de7f-677322a0bd36\" \/>Para ofrecer un panorama de los sistemas educativos de Am\u00e9rica Latina y el Caribe, teniendo la inclusi\u00f3n, la no discriminaci\u00f3n y la educaci\u00f3n en derechos humanos como ejes anal\u00edticos del debate y la construcci\u00f3n colectiva del conocimiento, lanzan el Observatorio Regional de Educaci\u00f3n Inclusiva (OREI), resultado de un esfuerzo in\u00e9dito de cooperaci\u00f3n interinstitucional.<br \/>\n<a href=\"http:\/\/r20.rs6.net\/tn.jsp?f=001Gi6MOaMTMe3brQnN8wuZvAgMl4ee8TpRhrLPsE5LWWryf0gWXSE_DD3Di8vLS5YSnl302VjlK7X12gpGUEne5ZwXbyD76uWUlncEgB2a5_NeG2ijdX73GDEEugsiMZLu1rq2xA74qmZIrO6rsKpaC8CLROgVMnnqAZ4MAE2JBFInTpk3UR36CmfqsKYxRKW8LxQSzm0u779_Q1vf7DeL93GKPVV7iPgeY-hr6RrbVUJWCDL4PIZ6yw==&amp;c=xOu0EImV2gHDLpJCGCg7ATvtlgz4he_AdF52FP5-vrVE0pQwoZAIuQ==&amp;ch=k8yPQVpSiLtrusRz-eyceKDVFNMuHGuZ3k4RVMKjR64nWcLKYxtwLw==\" target=\"_blank\" rel=\"nofollow noopener\" shape=\"rect\">Leer m\u00e1s&#8230;<\/a><\/span><\/div>\n<\/td>\n<\/tr>\n<\/tbody>\n<\/table>\n<p><a href=\"https:\" target=\"_blank\" rel=\"nofollow noopener\" name=\"LETTER.BLOCK8\"><\/a><\/p>\n<table id=\"ecxyiv6841768908content_LETTER.BLOCK8\" border=\"0\" width=\"100%\" cellspacing=\"0\" cellpadding=\"5\">\n<tbody id=\"ecxyiv6841768908yui_3_16_0_1_1431038563670_19077\">\n<tr id=\"ecxyiv6841768908yui_3_16_0_1_1431038563670_19076\">\n<td id=\"ecxyiv6841768908yui_3_16_0_1_1431038563670_19075\" class=\"ecxyiv6841768908MainText\" colspan=\"1\" rowspan=\"1\" align=\"left\">En celebraciones por 25 a\u00f1os del Programa en Estudios de G\u00e9nero<strong><br \/>\nRendir\u00e1n homenaje a Irma (Mimi) Miyagui<\/strong><\/p>\n<div id=\"ecxyiv6841768908yui_3_16_0_1_1431038563670_19074\"><img loading=\"lazy\" decoding=\"async\" src=\"https:\/\/bay179.mail.live.com\/Handlers\/ImageProxy.mvc?bicild=&amp;canary=p%2f3prZzcYfrWHVahf6xZ%2fdjHk215XRV77rvoHpWhi5g%3d0&amp;url=http%3a%2f%2ftarea.org.pe%2fimagenes%2fmimi.jpg\" alt=\"\" width=\"111\" height=\"120\" align=\"right\" border=\"0\" hspace=\"5\" vspace=\"5\" data-id=\"1aba8bfa-88c6-0f96-dc15-534fa27e5d0f\" \/>El Programa en Estudios de G\u00e9nero de la Pontificia Universidad Cat\u00f3lica del Per\u00fa (PUCP) cumple 25 a\u00f1os de creaci\u00f3n y para celebrarlo, ha programado el ciclo de actividades <em>Los caminos trazados por los estudios de g\u00e9nero<\/em>, que se realizar\u00e1 los meses de mayo, junio y agosto. El 6 de mayo, de 7:10 a 8 p.m. en la Sala de Grados de la Facultad de Ciencias Sociales (PUCP) rendir\u00e1n homenaje a Irma Miyagui Nakahodo, egresada del Programa. <a href=\"http:\/\/r20.rs6.net\/tn.jsp?f=001Gi6MOaMTMe3brQnN8wuZvAgMl4ee8TpRhrLPsE5LWWryf0gWXSE_DD3Di8vLS5YSsgnxUtk-GmOQkhwUA2wSj4zD9MiFQoAx3A8wQfkrr81OPjeTau0i8pPr-TsH_Z9ZV5QkhmYO_EDG4JppnY0LkxH8Cg3zfv6_jFjODb44-RUQdPQtGMVxvxN7gWhKYGouYUBAyH_OZicsfXF-RKoKJiJHPxEbkgRWRLMny4Z1slHewQLFl5ObHQ==&amp;c=xOu0EImV2gHDLpJCGCg7ATvtlgz4he_AdF52FP5-vrVE0pQwoZAIuQ==&amp;ch=k8yPQVpSiLtrusRz-eyceKDVFNMuHGuZ3k4RVMKjR64nWcLKYxtwLw==\" target=\"_blank\" rel=\"nofollow noopener\" shape=\"rect\">Leer m\u00e1s&#8230;<\/a><\/div>\n<\/td>\n<\/tr>\n<\/tbody>\n<\/table>\n<p><a href=\"https:\" target=\"_blank\" rel=\"nofollow noopener\" name=\"LETTER.BLOCK10\"><\/a><\/p>\n<table id=\"ecxyiv6841768908content_LETTER.BLOCK10\" border=\"0\" width=\"100%\" cellspacing=\"0\" cellpadding=\"5\">\n<tbody id=\"ecxyiv6841768908yui_3_16_0_1_1431038563670_19082\">\n<tr id=\"ecxyiv6841768908yui_3_16_0_1_1431038563670_19081\">\n<td id=\"ecxyiv6841768908yui_3_16_0_1_1431038563670_19080\" class=\"ecxyiv6841768908MainText\" colspan=\"1\" rowspan=\"1\" align=\"left\">Nuevo video de Tarea<br \/>\n<strong>Asumiendo el desaf\u00edo de la educaci\u00f3n intercultural biling\u00fce. Chiqaq \u00d1an&#8230; un camino para maestras y maestros<\/strong><\/p>\n<div id=\"ecxyiv6841768908yui_3_16_0_1_1431038563670_19078\"><a class=\"ecxyiv6841768908imgCaptionAnchor\" href=\"http:\/\/r20.rs6.net\/tn.jsp?f=001Gi6MOaMTMe3brQnN8wuZvAgMl4ee8TpRhrLPsE5LWWryf0gWXSE_DD3Di8vLS5YSqdhcdhS2EpPU5vB2cqYw0eis1bi9gpWF3UbiD7VgZ6f4HEm-34uhgDRJxWxly9ORmZAWtXOCjZ81_34yEDZvcSwlulII_wBgE0OZggjwtg7LGYAIz6-J8A==&amp;c=xOu0EImV2gHDLpJCGCg7ATvtlgz4he_AdF52FP5-vrVE0pQwoZAIuQ==&amp;ch=k8yPQVpSiLtrusRz-eyceKDVFNMuHGuZ3k4RVMKjR64nWcLKYxtwLw==\" target=\"_blank\" rel=\"nofollow noopener\" shape=\"rect\"><img loading=\"lazy\" decoding=\"async\" class=\"ecxyiv6841768908cc-image-resize\" src=\"https:\/\/bay179.mail.live.com\/Handlers\/ImageProxy.mvc?bicild=&amp;canary=p%2f3prZzcYfrWHVahf6xZ%2fdjHk215XRV77rvoHpWhi5g%3d0&amp;url=http%3a%2f%2ftarea.org.pe%2fimagenes%2fvideo_chiqaq.gif\" alt=\"\" width=\"165\" height=\"91\" align=\"right\" border=\"0\" hspace=\"5\" vspace=\"5\" data-id=\"432657ee-eebd-5b66-6b82-d701c6019594\" \/><\/a>Presenta la experiencia de profe-soras y profesoras interculturales biling\u00fces de la provincia de Canchis, Cusco, quienes desde hace 8 a\u00f1os vienen desarrollando propuestas innovadoras para ense\u00f1ar a comu-nidades alto andinas, en su mayor\u00eda quechua hablantes.<a href=\"http:\/\/r20.rs6.net\/tn.jsp?f=001Gi6MOaMTMe3brQnN8wuZvAgMl4ee8TpRhrLPsE5LWWryf0gWXSE_DD3Di8vLS5YSqdhcdhS2EpPU5vB2cqYw0eis1bi9gpWF3UbiD7VgZ6f4HEm-34uhgDRJxWxly9ORmZAWtXOCjZ81_34yEDZvcSwlulII_wBgE0OZggjwtg7LGYAIz6-J8A==&amp;c=xOu0EImV2gHDLpJCGCg7ATvtlgz4he_AdF52FP5-vrVE0pQwoZAIuQ==&amp;ch=k8yPQVpSiLtrusRz-eyceKDVFNMuHGuZ3k4RVMKjR64nWcLKYxtwLw==\" target=\"_blank\" rel=\"nofollow noopener\" shape=\"rect\">Ver video<\/a><\/div>\n<\/td>\n<\/tr>\n<\/tbody>\n<\/table>\n<\/td>\n<td colspan=\"1\" rowspan=\"1\" width=\"10\"><img loading=\"lazy\" decoding=\"async\" src=\"https:\/\/bay179.mail.live.com\/Handlers\/ImageProxy.mvc?bicild=&amp;canary=p%2f3prZzcYfrWHVahf6xZ%2fdjHk215XRV77rvoHpWhi5g%3d0&amp;url=http%3a%2f%2fimg.constantcontact.com%2fletters%2fimages%2fspacer.gif\" alt=\"\" width=\"10\" height=\"1\" border=\"0\" data-id=\"f411ae74-f0fd-eab4-53a4-090ab54f846e\" \/><\/td>\n<td class=\"ecxyiv6841768908ColWidth ecxyiv6841768908MainPad ecxyiv6841768908ColBG\" colspan=\"1\" rowspan=\"1\" valign=\"top\" bgcolor=\"#CCFE90\" width=\"170\">\n<table id=\"ecxyiv6841768908content_LETTER.BLOCK11\" border=\"0\" width=\"100%\" cellspacing=\"0\" cellpadding=\"0\" bgcolor=\"#ccfe90\">\n<tbody>\n<tr>\n<td colspan=\"1\" rowspan=\"1\" align=\"left\">\n<div align=\"center\"><b>En esta edici\u00f3n<\/b><\/div>\n<\/td>\n<\/tr>\n<tr>\n<td colspan=\"1\" rowspan=\"1\" align=\"left\"><strong><a href=\"http:\/\/r20.rs6.net\/tn.jsp?f=001Gi6MOaMTMe3brQnN8wuZvAgMl4ee8TpRhrLPsE5LWWryf0gWXSE_DD3Di8vLS5YS_Zj_4I0VXBwL5Ns_FK6F78vVDYZIZIuwNfv45Ne1bW9-xFk7bLj3yw8s1QVlbHgEq0-iS-tH9qwzyIhDovexqnVlLyRTfhv3pvs6J3RHqlqelHdMjrEGhHyRv8fHOBgKub3TL4XFyo0FbWLWxdGqdoIF5f9pi9m1XKCl1OVYfm6IVjPw4LLYtOV7syIW-vUP&amp;c=xOu0EImV2gHDLpJCGCg7ATvtlgz4he_AdF52FP5-vrVE0pQwoZAIuQ==&amp;ch=k8yPQVpSiLtrusRz-eyceKDVFNMuHGuZ3k4RVMKjR64nWcLKYxtwLw==\" target=\"_blank\" rel=\"nofollow noopener\" shape=\"rect\">Para Debatir<\/a><\/strong> <strong><a href=\"http:\/\/r20.rs6.net\/tn.jsp?f=001Gi6MOaMTMe3brQnN8wuZvAgMl4ee8TpRhrLPsE5LWWryf0gWXSE_DD3Di8vLS5YSU4s-_1n2ex5u4CPfLopEYI7TPp9z902DIDAf5KFlh_f2JFkPuUGHWP5EizaKHp-hEVTRsTQSO1KxT9IcLG1cGZ5jXi0h_NfPG0OO9OTTCYaW3745HRu-tXIEOMnIllJtSz7gXkiErEbzRRgC51WVmPAChfygHpebUJCCtGAp2f5YsXbv2xR9A3AjJ3nEPkQA&amp;c=xOu0EImV2gHDLpJCGCg7ATvtlgz4he_AdF52FP5-vrVE0pQwoZAIuQ==&amp;ch=k8yPQVpSiLtrusRz-eyceKDVFNMuHGuZ3k4RVMKjR64nWcLKYxtwLw==\" target=\"_blank\" rel=\"nofollow noopener\" shape=\"rect\">Noticias<\/a><\/strong> <strong><a href=\"http:\/\/r20.rs6.net\/tn.jsp?f=001Gi6MOaMTMe3brQnN8wuZvAgMl4ee8TpRhrLPsE5LWWryf0gWXSE_DD3Di8vLS5YSgtv4PeZx25nxObwGvbBGB71envTEaokLtPbazeoRmZW1D228AWVSv55qyUVDgxk2wwnYpfymMCjvi9g0PSeetWHNOxZqeyU9qWDXA3dXvpuVA3KzH8I1RY0ebq9Is3NyvPVcoqTpzQb8TagdBFbJ3Wm4W4eMlVVg4zkNrOyEb1jgaqre03qpeGLVprAryNbg&amp;c=xOu0EImV2gHDLpJCGCg7ATvtlgz4he_AdF52FP5-vrVE0pQwoZAIuQ==&amp;ch=k8yPQVpSiLtrusRz-eyceKDVFNMuHGuZ3k4RVMKjR64nWcLKYxtwLw==\" target=\"_blank\" rel=\"nofollow noopener\" shape=\"rect\">Voz p\u00fablica<\/a><\/strong><strong><a href=\"http:\/\/r20.rs6.net\/tn.jsp?f=001Gi6MOaMTMe3brQnN8wuZvAgMl4ee8TpRhrLPsE5LWWryf0gWXSE_DD3Di8vLS5YSz6byFOQFbFecfnJlU6UTkBSgOBllb90v1fecunJdCz7175ml6Yrj1K1y5IGKS-dXHmVY0oJdNb8raXdgyDS7aIMMoI_nHUPed4zB2uvn8Z-YLyf18kf1ulQ3b9LeBkEbyeOQxfmwJqbRBVqr68m3-uoUbZ3YpJenWR_u1rDfbAyoHDRpfDjps8l9-sXWknjf&amp;c=xOu0EImV2gHDLpJCGCg7ATvtlgz4he_AdF52FP5-vrVE0pQwoZAIuQ==&amp;ch=k8yPQVpSiLtrusRz-eyceKDVFNMuHGuZ3k4RVMKjR64nWcLKYxtwLw==\" target=\"_blank\" rel=\"nofollow noopener\" shape=\"rect\">Eventos<\/a><\/strong> <strong><a href=\"http:\/\/r20.rs6.net\/tn.jsp?f=001Gi6MOaMTMe3brQnN8wuZvAgMl4ee8TpRhrLPsE5LWWryf0gWXSE_DD3Di8vLS5YSkPL_5Ggq0ZBkM9PJ05-XFXTZE_CT0ej0X4Z65qXSxBv3L17tBwds5HrPse_uJ3hNhPlPK97ZkWUMpoFgLfmKu6jB7yn1XnbokXpdN7TwZs5KlUTbWhC4gcD2jSrl2EnC7n66s-7ovw-Eprrqd_V2cFiLpuC7gFA3JP_pn1gT8pnSFeO2dm1JNPGzGsw-JLGG&amp;c=xOu0EImV2gHDLpJCGCg7ATvtlgz4he_AdF52FP5-vrVE0pQwoZAIuQ==&amp;ch=k8yPQVpSiLtrusRz-eyceKDVFNMuHGuZ3k4RVMKjR64nWcLKYxtwLw==\" target=\"_blank\" rel=\"nofollow noopener\" shape=\"rect\">Publicaciones<\/a><\/strong> <strong><a href=\"http:\/\/r20.rs6.net\/tn.jsp?f=001Gi6MOaMTMe3brQnN8wuZvAgMl4ee8TpRhrLPsE5LWWryf0gWXSE_DD3Di8vLS5YSFSVJmFmnubLt2tRBY0yzSuLa_BRhtO9VFxeuy_ubSoy6kOAdo8YlatMLGyiuDOPKw8d-SiYfED7nA4xWKFn3PGD91P3FrqZVfYR3p95z2amI4ocwivi9DRXeAvxlpPMvE5JAVsYVqzJ8M4YQDyIfpUFiOeNWFMzEEHzojutvugLdwkmNWzU_yg==&amp;c=xOu0EImV2gHDLpJCGCg7ATvtlgz4he_AdF52FP5-vrVE0pQwoZAIuQ==&amp;ch=k8yPQVpSiLtrusRz-eyceKDVFNMuHGuZ3k4RVMKjR64nWcLKYxtwLw==\" target=\"_blank\" rel=\"nofollow noopener\" shape=\"rect\">PNAIA \u00bfse est\u00e1 cumpliendo?<\/a><\/strong> <strong><a href=\"http:\/\/r20.rs6.net\/tn.jsp?f=001Gi6MOaMTMe3brQnN8wuZvAgMl4ee8TpRhrLPsE5LWWryf0gWXSE_DD3Di8vLS5YSi-df5zTrMHFWakMHXukNDJjWVZmL1ldAaLuNkW8xG-fzbzKCQ675Qy9nE65x-POC8Jvhv2sM3A6a8vo3JXAy6BRaeUV4QTdt1WA5LJ8jtygDTABFo-R5nANsVXWrdxuCcaZB6Y3OANcjiOo0y2tNaRXCfm4qgVHPEzG3NSpcydWPjcsEWnq7-Q==&amp;c=xOu0EImV2gHDLpJCGCg7ATvtlgz4he_AdF52FP5-vrVE0pQwoZAIuQ==&amp;ch=k8yPQVpSiLtrusRz-eyceKDVFNMuHGuZ3k4RVMKjR64nWcLKYxtwLw==\" target=\"_blank\" rel=\"nofollow noopener\" shape=\"rect\">Construyendo el Plan Nacional de EPT<\/a><\/strong> <strong><a href=\"http:\/\/r20.rs6.net\/tn.jsp?f=001Gi6MOaMTMe3brQnN8wuZvAgMl4ee8TpRhrLPsE5LWWryf0gWXSE_DD3Di8vLS5YS31PcJIv0ibuNB2nANsEf2iNrLUMvbiuMrH3c_sUmu0gDa_0iOfik46L9ZEQrntfd5VsmF4EdEPlcAD4VvDf2AvNO8Ai9LLXU8V5HxjDeJGetTzl5snOYqpPUOtIaWM7u50ub3yHFZnHkuyUVvg9JzG9ZVU2oDLAL3fWM5d156FVQJheafx1ktA==&amp;c=xOu0EImV2gHDLpJCGCg7ATvtlgz4he_AdF52FP5-vrVE0pQwoZAIuQ==&amp;ch=k8yPQVpSiLtrusRz-eyceKDVFNMuHGuZ3k4RVMKjR64nWcLKYxtwLw==\" target=\"_blank\" rel=\"nofollow noopener\" shape=\"rect\">El peligro de olvidar Recomendaciones de la CVR en Agenda<\/a><\/strong> <strong><a href=\"http:\/\/r20.rs6.net\/tn.jsp?f=001Gi6MOaMTMe3brQnN8wuZvAgMl4ee8TpRhrLPsE5LWWryf0gWXSE_DD3Di8vLS5YS7sdqS-YdARqfnakji_-rE6THC7AfZnle1VY191ePgeTJLMnxzukL8LjlAnWwF_6OAScU2WZtfyvSM3uG2v1d7CWeqcku4IJ97EaxYpzVQQ2aX5soOPCQL1jmRLUbxCpKpoLMO0Zb47BGV638ExP4LRl1FQW7WW2n8XtTbW0LlnoOFcRmSKdBD9DerMBs4MEY&amp;c=xOu0EImV2gHDLpJCGCg7ATvtlgz4he_AdF52FP5-vrVE0pQwoZAIuQ==&amp;ch=k8yPQVpSiLtrusRz-eyceKDVFNMuHGuZ3k4RVMKjR64nWcLKYxtwLw==\" target=\"_blank\" rel=\"nofollow noopener\" shape=\"rect\">Biblioteca Digital TAREA<\/a><\/strong> <strong><a href=\"http:\/\/r20.rs6.net\/tn.jsp?f=001Gi6MOaMTMe3brQnN8wuZvAgMl4ee8TpRhrLPsE5LWWryf0gWXSE_DD3Di8vLS5YS5O9xNRzVYakFlhVQq1eAMu78fxCYCk8OHabaWef5z5PDkL5O29Ux--vyuDyOynl-3-xO5y3WvkBZUC6gvUGF569QkGif8rsYzzzMe38Mbmk88UKvkbl-S-HQYceOO6iSUD1g2qOe46GJ9OyyxenF3KV_rOsn_6VCSp6DF_sGqlUc8--MGAz3vRS6LaGAJVQA&amp;c=xOu0EImV2gHDLpJCGCg7ATvtlgz4he_AdF52FP5-vrVE0pQwoZAIuQ==&amp;ch=k8yPQVpSiLtrusRz-eyceKDVFNMuHGuZ3k4RVMKjR64nWcLKYxtwLw==\" target=\"_blank\" rel=\"nofollow noopener\" shape=\"rect\">Para recordar<\/a><\/strong><\/td>\n<\/tr>\n<\/tbody>\n<\/table>\n<p><a href=\"https:\" target=\"_blank\" rel=\"nofollow noopener\" name=\"LETTER.BLOCK12\"><\/a><\/p>\n<table id=\"ecxyiv6841768908content_LETTER.BLOCK12\" border=\"0\" width=\"100%\" cellspacing=\"0\" cellpadding=\"2\">\n<tbody>\n<tr>\n<td class=\"ecxyiv6841768908ColumnTitle ecxyiv6841768908ColumnTitleBG\" colspan=\"1\" rowspan=\"1\" align=\"left\" bgcolor=\"#CCFE90\">\n<div align=\"center\"><b>TAREA Ayacucho<\/b><\/div>\n<\/td>\n<\/tr>\n<tr>\n<td class=\"ecxyiv6841768908ColumnText\" colspan=\"1\" rowspan=\"1\" align=\"left\">\n<div align=\"center\">\n<div align=\"center\"><img loading=\"lazy\" decoding=\"async\" class=\"ecxyiv6841768908cc-image-resize\" src=\"https:\/\/bay179.mail.live.com\/Handlers\/ImageProxy.mvc?bicild=&amp;canary=p%2f3prZzcYfrWHVahf6xZ%2fdjHk215XRV77rvoHpWhi5g%3d0&amp;url=http%3a%2f%2ftarea.org.pe%2fimagenes%2fbole153_aya1.jpg\" alt=\"\" width=\"66\" height=\"49\" border=\"0\" hspace=\"5\" vspace=\"5\" data-id=\"2d25a855-9ef1-5fdd-cab0-51ff2d55cf15\" \/><\/div>\n<\/div>\n<div><strong>Materiales Educativos con enfoque intercultural biling\u00fce y equidad de g\u00e9nero. Para el nivel Primaria<\/strong><\/p>\n<div>Escribe: Epifan\u00eda Lunasco Quispe<br \/>\n<a href=\"http:\/\/r20.rs6.net\/tn.jsp?f=001Gi6MOaMTMe3brQnN8wuZvAgMl4ee8TpRhrLPsE5LWWryf0gWXSE_DD3Di8vLS5YSFRyZSTq2atvQ91kiyF4afNGIQmPG6mCseCg6qfueVgdT3WrjLmjmkC5PbmNE141s30pp_4HV7ODlHL82m0Y3DN3OOc0ZmCGhPUXU8usj9dAolKj7kWzxwMxr44uyLtjR5G05n05NqPcXTcx8_9hTjbmUio1vp0EUBWy8wN9CKYrPUUe5r7QLqUM9f0upd1pV&amp;c=xOu0EImV2gHDLpJCGCg7ATvtlgz4he_AdF52FP5-vrVE0pQwoZAIuQ==&amp;ch=k8yPQVpSiLtrusRz-eyceKDVFNMuHGuZ3k4RVMKjR64nWcLKYxtwLw==\" target=\"_blank\" rel=\"nofollow noopener\" shape=\"rect\">Leer m\u00e1s&#8230;<\/a><\/div>\n<div><strong>&#8230;&#8230;&#8230;&#8230;&#8230;&#8230;&#8230;&#8230;&#8230;&#8230;&#8230;&#8230;&#8230;&#8230;&#8230;&#8230;&#8230;&#8230;<\/strong><\/div>\n<\/div>\n<\/td>\n<\/tr>\n<\/tbody>\n<\/table>\n<p><a href=\"https:\" target=\"_blank\" rel=\"nofollow noopener\" name=\"LETTER.BLOCK14\"><\/a><\/p>\n<table id=\"ecxyiv6841768908content_LETTER.BLOCK14\" border=\"0\" width=\"100%\" cellspacing=\"0\" cellpadding=\"2\">\n<tbody>\n<tr>\n<td class=\"ecxyiv6841768908ColumnTitle ecxyiv6841768908ColumnTitleBG\" colspan=\"1\" rowspan=\"1\" align=\"left\" bgcolor=\"#CCFE90\">\n<div align=\"center\"><b>TAREA Lima<\/b><\/div>\n<\/td>\n<\/tr>\n<tr>\n<td class=\"ecxyiv6841768908ColumnText\" colspan=\"1\" rowspan=\"1\" align=\"left\">\n<div align=\"center\"><img loading=\"lazy\" decoding=\"async\" class=\"ecxyiv6841768908cc-image-resize\" src=\"https:\/\/bay179.mail.live.com\/Handlers\/ImageProxy.mvc?bicild=&amp;canary=p%2f3prZzcYfrWHVahf6xZ%2fdjHk215XRV77rvoHpWhi5g%3d0&amp;url=http%3a%2f%2ftarea.org.pe%2fimagenes%2fbole153_lima2.jpg\" alt=\"\" width=\"66\" height=\"43\" border=\"0\" hspace=\"5\" vspace=\"5\" data-id=\"c57e891c-c85d-abae-8fe3-14c5f23c837e\" \/><\/div>\n<div>\n<div><strong>Red de educadores de EBA Lima participa en pasacalle. Conmemora el X Aniversario de la Educaci\u00f3n B\u00e1sica Alternativa<\/strong><\/p>\n<div>Escriben: Milagros Iparraguirre<br \/>\n<a href=\"http:\/\/r20.rs6.net\/tn.jsp?f=001Gi6MOaMTMe3brQnN8wuZvAgMl4ee8TpRhrLPsE5LWWryf0gWXSE_DD3Di8vLS5YSgqkpZxZJxvS6fTb2ScDqrnxEQjRJXY2V921v5I8Lf76ZPw7VKP9oyO6VPyjES3wKsUagksaZ71_Tdx1xkI0exrwrVX0T362XSPpH8b-6LviggD0Tv77YxF3dZxv5qhUDswAKigj1bWWOC6ZSrh_hgjm5s2IHKNil6g4P4q26ItdaySJ9_nMV0w==&amp;c=xOu0EImV2gHDLpJCGCg7ATvtlgz4he_AdF52FP5-vrVE0pQwoZAIuQ==&amp;ch=k8yPQVpSiLtrusRz-eyceKDVFNMuHGuZ3k4RVMKjR64nWcLKYxtwLw==\" target=\"_blank\" rel=\"nofollow noopener\" shape=\"rect\">Leer m\u00e1s&#8230;<\/a><\/div>\n<\/div>\n<div><strong>&#8230;&#8230;&#8230;&#8230;&#8230;&#8230;&#8230;&#8230;&#8230;&#8230;&#8230;&#8230;&#8230;&#8230;&#8230;&#8230;&#8230;&#8230;<\/strong><\/div>\n<\/div>\n<\/td>\n<\/tr>\n<\/tbody>\n<\/table>\n<table id=\"ecxyiv6841768908content_LETTER.BLOCK12\" border=\"0\" width=\"100%\" cellspacing=\"0\" cellpadding=\"5\">\n<tbody>\n<tr>\n<td colspan=\"1\" rowspan=\"1\" align=\"center\">\n<div>\n<div><img loading=\"lazy\" decoding=\"async\" src=\"https:\/\/bay179.mail.live.com\/Handlers\/ImageProxy.mvc?bicild=&amp;canary=p%2f3prZzcYfrWHVahf6xZ%2fdjHk215XRV77rvoHpWhi5g%3d0&amp;url=http%3a%2f%2ftarea.org.pe%2fimagenes%2f40-Aniversario.gif\" alt=\"\" width=\"125\" height=\"150\" border=\"0\" hspace=\"5\" vspace=\"5\" data-id=\"36c85e1d-6d88-5a54-e63a-e1c51ffce465\" \/><\/div>\n<div>ENLACES DE INTERES<\/div>\n<div><\/div>\n<div>\n<a href=\"http:\/\/r20.rs6.net\/tn.jsp?f=001Gi6MOaMTMe3brQnN8wuZvAgMl4ee8TpRhrLPsE5LWWryf0gWXSE_DN9TzUIEG9rbetIdu_C3YfYI-lG8kkLt_djwVVqFJdFF9ZhOpzjiRLGKreoq_gxiPAfdJV7iQXfyDQUKa09finqHWda5VX1Pw3njp62A24dKzvv8zAy6V2wQD_--N5-phYapFCu_1F2NGeQwk8vKkrmUvOlR4HEmjQ==&amp;c=xOu0EImV2gHDLpJCGCg7ATvtlgz4he_AdF52FP5-vrVE0pQwoZAIuQ==&amp;ch=k8yPQVpSiLtrusRz-eyceKDVFNMuHGuZ3k4RVMKjR64nWcLKYxtwLw==\" target=\"_blank\" rel=\"nofollow noopener\" shape=\"rect\"><img loading=\"lazy\" decoding=\"async\" src=\"https:\/\/bay179.mail.live.com\/Handlers\/ImageProxy.mvc?bicild=&amp;canary=p%2f3prZzcYfrWHVahf6xZ%2fdjHk215XRV77rvoHpWhi5g%3d0&amp;url=http%3a%2f%2fih.constantcontact.com%2ffs043%2f1101951071729%2fimg%2f6.gif\" alt=\"Tarea Asociaci\u00f3n de Publicaciones Educativas logo\" width=\"93\" height=\"34\" border=\"0\" data-id=\"ca32cc51-286e-ab7a-158b-72e78f2f7fce\" \/><\/a><\/div>\n<div>\u00a0\u00a0<a class=\"ecxyiv6841768908imgCaptionAnchor\" href=\"http:\/\/r20.rs6.net\/tn.jsp?f=001Gi6MOaMTMe3brQnN8wuZvAgMl4ee8TpRhrLPsE5LWWryf0gWXSE_DKbNVx_D4_hA8GpKVmOwD_gql_IKn5tqvw1jYIgW7vTbbKUU2Uy027baXbQTS1-cmUqVc7TJ1p3s-jDdQOw1FJkMMR907PzbV5Kd6KqzJz2DmS05miqXErqnDximCnpV_8LTuQ96mX-StVlc4MtyAIs=&amp;c=xOu0EImV2gHDLpJCGCg7ATvtlgz4he_AdF52FP5-vrVE0pQwoZAIuQ==&amp;ch=k8yPQVpSiLtrusRz-eyceKDVFNMuHGuZ3k4RVMKjR64nWcLKYxtwLw==\" target=\"_blank\" rel=\"nofollow noopener\" shape=\"rect\"><img loading=\"lazy\" decoding=\"async\" src=\"https:\/\/bay179.mail.live.com\/Handlers\/ImageProxy.mvc?bicild=&amp;canary=p%2f3prZzcYfrWHVahf6xZ%2fdjHk215XRV77rvoHpWhi5g%3d0&amp;url=http%3a%2f%2fwww.tarea.org.pe%2fimagenes%2fMINEDUcambiemos.gif\" alt=\"\" width=\"83\" height=\"78\" border=\"0\" hspace=\"5\" vspace=\"5\" data-id=\"65e85cd9-5747-040d-6399-a2dbf78085cd\" \/><\/a><\/div>\n<\/div>\n<p><b><b><br \/>\n<\/b><\/b><\/p>\n<div><a class=\"ecxyiv6841768908imgCaptionAnchor\" href=\"http:\/\/r20.rs6.net\/tn.jsp?f=001Gi6MOaMTMe3brQnN8wuZvAgMl4ee8TpRhrLPsE5LWWryf0gWXSE_DN9TzUIEG9rbCFSp_ME8oxv2SGOnL-HJ1dkv4QFd_B3bZujVde6HK8xMmFQno3n3QWQUFX9qRg4mi07YFefBthlHNiemtwRR5JiX4v-y3Nj9R4CF0QNlnu-3SadPKsPzJnIUXxl4kNRU6urOFgHz5rkcKHAtDa0VVKYIkfY75n4EpD5al2bxktnsuTvs0Nzkn_Oc9_r76Qm7Yt0GfDIFQ1g=&amp;c=xOu0EImV2gHDLpJCGCg7ATvtlgz4he_AdF52FP5-vrVE0pQwoZAIuQ==&amp;ch=k8yPQVpSiLtrusRz-eyceKDVFNMuHGuZ3k4RVMKjR64nWcLKYxtwLw==\" target=\"_blank\" rel=\"nofollow noopener\" shape=\"rect\"><img loading=\"lazy\" decoding=\"async\" src=\"https:\/\/bay179.mail.live.com\/Handlers\/ImageProxy.mvc?bicild=&amp;canary=p%2f3prZzcYfrWHVahf6xZ%2fdjHk215XRV77rvoHpWhi5g%3d0&amp;url=http%3a%2f%2ftarea.org.pe%2fimagenes%2fCNE-2010.png\" alt=\"CNE_Educaci\u00f3n al D\u00eda\" width=\"116\" height=\"49\" border=\"0\" data-id=\"d02de625-3b2b-6dcb-bf81-ada21c4bd9ff\" \/><\/a><\/div>\n<p><b><b><br \/>\n<\/b><\/b><\/p>\n<div><a class=\"ecxyiv6841768908imgCaptionAnchor\" href=\"http:\/\/r20.rs6.net\/tn.jsp?f=001Gi6MOaMTMe3brQnN8wuZvAgMl4ee8TpRhrLPsE5LWWryf0gWXSE_DN9TzUIEG9rb9YNiNVvBCgVnRq0w6j07ViIo42FJG6DoKXBJb5q7GCdvZ_jTjj0Y1lDJP3Fy85VfJEzGwvcDIE6cDxCItv8Sl9HPW02P6hZLoUddHAX31bbvW4m5bANupWGNJbK4hH0nhuq3bRzBGrofz9uVFOnNJw==&amp;c=xOu0EImV2gHDLpJCGCg7ATvtlgz4he_AdF52FP5-vrVE0pQwoZAIuQ==&amp;ch=k8yPQVpSiLtrusRz-eyceKDVFNMuHGuZ3k4RVMKjR64nWcLKYxtwLw==\" target=\"_blank\" rel=\"nofollow noopener\" shape=\"rect\"><img loading=\"lazy\" decoding=\"async\" src=\"https:\/\/bay179.mail.live.com\/Handlers\/ImageProxy.mvc?bicild=&amp;canary=p%2f3prZzcYfrWHVahf6xZ%2fdjHk215XRV77rvoHpWhi5g%3d0&amp;url=http%3a%2f%2ftarea.org.pe%2fimagenes%2fCEAAL-2010.png\" alt=\"\" width=\"118\" height=\"82\" border=\"0\" vspace=\"5\" data-id=\"6d5ad4a5-9afb-745a-c54f-81f4c5209780\" \/><\/a>\n<\/div>\n<div>\u00a0<a class=\"ecxyiv6841768908imgCaptionAnchor\" href=\"http:\/\/r20.rs6.net\/tn.jsp?f=001Gi6MOaMTMe3brQnN8wuZvAgMl4ee8TpRhrLPsE5LWWryf0gWXSE_DNf8c8mvYiCJcBGq-MJjvODW1Rpl-r3XtFBJYXgjDsfEvRNm6IyB5xrcVLcpvm8BxxrjPP5Ipdg2ZzAUAZcC-okj0jlzrdflRQA_dwsgxIsoucqMztNa631jnbXb_hsFxliJ-4tOc6DsN_qnkSWwZ76ttctpTt1eVw==&amp;c=xOu0EImV2gHDLpJCGCg7ATvtlgz4he_AdF52FP5-vrVE0pQwoZAIuQ==&amp;ch=k8yPQVpSiLtrusRz-eyceKDVFNMuHGuZ3k4RVMKjR64nWcLKYxtwLw==\" target=\"_blank\" rel=\"nofollow noopener\" shape=\"rect\"><img loading=\"lazy\" decoding=\"async\" src=\"https:\/\/bay179.mail.live.com\/Handlers\/ImageProxy.mvc?bicild=&amp;canary=p%2f3prZzcYfrWHVahf6xZ%2fdjHk215XRV77rvoHpWhi5g%3d0&amp;url=http%3a%2f%2ftarea.org.pe%2fimagenes%2fFlape.png\" alt=\"Foro Latinoamericano de Pol\u00edticas Educativas - FLAPE -\" width=\"103\" height=\"78\" border=\"0\" data-id=\"4f3b5708-ab3c-13b9-3e9a-07992af70239\" \/><\/a><\/div>\n<\/td>\n<\/tr>\n<\/tbody>\n<\/table>\n<table id=\"ecxyiv6841768908content_LETTER.BLOCK13\" border=\"0\" width=\"100%\" cellspacing=\"0\" cellpadding=\"5\">\n<tbody>\n<tr>\n<td colspan=\"1\" rowspan=\"1\" align=\"center\"><b><b><a href=\"http:\/\/visitor.constantcontact.com\/email.jsp?m=1101951071729\" target=\"_blank\" rel=\"nofollow noopener\" shape=\"rect\"><br \/>\n<\/a><\/b><\/b><\/p>\n<div>\n<div>\n<div>\u00a0Suscr\u00edbase a tareaInforma<\/div>\n<p><a href=\"https:\" target=\"_blank\" rel=\"nofollow noopener\" name=\"LETTER.BLOCK7\" shape=\"rect\">\u00a0<\/a><a href=\"http:\/\/visitor.constantcontact.com\/d.jsp?m=1101951071729&amp;id=preview\" target=\"_blank\" rel=\"nofollow noopener\" shape=\"rect\"><img loading=\"lazy\" decoding=\"async\" src=\"https:\/\/bay179.mail.live.com\/Handlers\/ImageProxy.mvc?bicild=&amp;canary=p%2f3prZzcYfrWHVahf6xZ%2fdjHk215XRV77rvoHpWhi5g%3d0&amp;url=http%3a%2f%2fwww.tarea.org.pe%2fimagenes%2fsuscribete.gif\" alt=\"Suscr\u00edbete al Boletin tareaInforma\" width=\"50\" height=\"50\" border=\"0\" data-id=\"965076fc-31a2-c058-c377-bc0c4aee7a00\" \/><\/a><\/div>\n<div><a href=\"http:\/\/ui.constantcontact.com\/sa\/fwtf.jsp?m=1101951071729&amp;a=1120962817216&amp;ea=felixgrau44%40yahoo.es\" target=\"_blank\" rel=\"nofollow noopener\" shape=\"rect\">Re-env\u00ede este Bolet\u00edn<\/a><\/div>\n<div>\n<div>\u00a0<a href=\"http:\/\/ui.constantcontact.com\/sa\/fwtf.jsp?m=1101951071729&amp;a=1120962817216&amp;ea=felixgrau44%40yahoo.es\" target=\"_blank\" rel=\"nofollow noopener\" shape=\"rect\"><img loading=\"lazy\" decoding=\"async\" src=\"https:\/\/bay179.mail.live.com\/Handlers\/ImageProxy.mvc?bicild=&amp;canary=p%2f3prZzcYfrWHVahf6xZ%2fdjHk215XRV77rvoHpWhi5g%3d0&amp;url=http%3a%2f%2fwww.tarea.org.pe%2fimagenes%2freenvia.gif\" alt=\"\" width=\"50\" height=\"51\" border=\"0\" data-id=\"809d5306-73f6-2e8b-21a1-85fc8388d94c\" \/><\/a><\/div>\n<\/div>\n<\/div>\n<\/td>\n<\/tr>\n<\/tbody>\n<\/table>\n<table id=\"ecxyiv6841768908content_LETTER.BLOCK19\" border=\"0\" width=\"100%\" cellspacing=\"0\" cellpadding=\"5\">\n<tbody>\n<tr>\n<td colspan=\"1\" rowspan=\"1\" align=\"center\">\n<div>\n<div>\n<div>\u00a0<a href=\"http:\/\/r20.rs6.net\/tn.jsp?f=001Gi6MOaMTMe3brQnN8wuZvAgMl4ee8TpRhrLPsE5LWWryf0gWXSE_DD3Di8vLS5YSdsk6MkMqZXGMIvoKZddcq8wQU_lmY1u2WiJmGXHWMX7VIGCAdIoT2SwJPxPtlZXoZ5Qz4QgkSNq5tjJS2zjrboR_1m38NzjEGHpkQwXXJ5LWt9uGtE7hKa3SkBwxLojs&amp;c=xOu0EImV2gHDLpJCGCg7ATvtlgz4he_AdF52FP5-vrVE0pQwoZAIuQ==&amp;ch=k8yPQVpSiLtrusRz-eyceKDVFNMuHGuZ3k4RVMKjR64nWcLKYxtwLw==\" target=\"_blank\" rel=\"nofollow noopener\" shape=\"rect\"><img loading=\"lazy\" decoding=\"async\" src=\"https:\/\/bay179.mail.live.com\/Handlers\/ImageProxy.mvc?bicild=&amp;canary=p%2f3prZzcYfrWHVahf6xZ%2fdjHk215XRV77rvoHpWhi5g%3d0&amp;url=http%3a%2f%2fwww.tarea.org.pe%2fimagenes%2ffacebook.gif\" alt=\"\" width=\"50\" height=\"51\" border=\"0\" data-id=\"4ad72e2a-66a3-b8bd-2b72-09cfdce6d186\" \/><\/a><\/div>\n<\/div>\n<\/div>\n<\/td>\n<\/tr>\n<\/tbody>\n<\/table>\n<\/td>\n<\/tr>\n<tr>\n<td colspan=\"4\" rowspan=\"1\" width=\"100%\"><\/td>\n<\/tr>\n<\/tbody>\n<\/table>\n<\/td>\n<\/tr>\n<\/tbody>\n<\/table>\n<\/td>\n<\/tr>\n<tr id=\"ecxyiv6841768908yui_3_16_0_1_1431038563670_19091\">\n<td id=\"ecxyiv6841768908yui_3_16_0_1_1431038563670_19090\" class=\"ecxyiv6841768908CouponPad\" colspan=\"1\" rowspan=\"1\" align=\"center\" width=\"100%\" height=\"10\">\n<table id=\"ecxyiv6841768908content_LETTER.BLOCK17\" border=\"0\" width=\"100%\" cellspacing=\"0\" cellpadding=\"1\">\n<tbody id=\"ecxyiv6841768908yui_3_16_0_1_1431038563670_19089\">\n<tr id=\"ecxyiv6841768908yui_3_16_0_1_1431038563670_19088\">\n<td id=\"ecxyiv6841768908yui_3_16_0_1_1431038563670_19087\" colspan=\"1\" rowspan=\"1\">\n<table id=\"ecxyiv6841768908yui_3_16_0_1_1431038563670_19086\" class=\"ecxyiv6841768908CouponBorder\" border=\"0\" width=\"100%\" cellspacing=\"0\" cellpadding=\"3\" align=\"left\">\n<tbody id=\"ecxyiv6841768908yui_3_16_0_1_1431038563670_19085\">\n<tr id=\"ecxyiv6841768908yui_3_16_0_1_1431038563670_19084\">\n<td id=\"ecxyiv6841768908yui_3_16_0_1_1431038563670_19083\" colspan=\"1\" rowspan=\"1\" align=\"left\" valign=\"top\"><strong>Tarea Asociaci\u00f3n de Publicaciones Educativas<br \/>\n<\/strong>Parque Osores 161 (antes Parque Borgo\u00f1o) Pueblo Libre, Lima &#8211; PER\u00da<br \/>\nEditora: Julia Vicu\u00f1a Yacarine<br \/>\nTel\u00e9fono: 424-0997, Fax: 332 7404<br \/>\n(c) 2015 Tarea.<\/td>\n<td class=\"ecxyiv6841768908CouponText ecxyiv6841768908CouponBG\" colspan=\"1\" rowspan=\"1\" align=\"right\" bgcolor=\"#FFFFFF\">\n<div align=\"center\"><strong>Auspiciado por:<\/strong><\/div>\n<div><a class=\"ecxyiv6841768908imgCaptionAnchor\" href=\"http:\/\/r20.rs6.net\/tn.jsp?f=001Gi6MOaMTMe3brQnN8wuZvAgMl4ee8TpRhrLPsE5LWWryf0gWXSE_DN9TzUIEG9rbnb4MvCQnUmSdX-2jLHRbscCDsDuXliOHUFS2yDQe9kRm9cwESE7m6j5ZgD21DRlpKSxWN3Eq34EPpPfpPC0iO2sN9qWpEXnBWv_a9lK9Y7o=&amp;c=xOu0EImV2gHDLpJCGCg7ATvtlgz4he_AdF52FP5-vrVE0pQwoZAIuQ==&amp;ch=k8yPQVpSiLtrusRz-eyceKDVFNMuHGuZ3k4RVMKjR64nWcLKYxtwLw==\" target=\"_blank\" rel=\"nofollow noopener\" shape=\"rect\"><img loading=\"lazy\" decoding=\"async\" src=\"https:\/\/bay179.mail.live.com\/Handlers\/ImageProxy.mvc?bicild=&amp;canary=p%2f3prZzcYfrWHVahf6xZ%2fdjHk215XRV77rvoHpWhi5g%3d0&amp;url=http%3a%2f%2fwww.tarea.org.pe%2fimagenes%2fBfdW_Marke.gif\" alt=\"Servicio de las Iglesias Evang\u00e9licas en Alemania para el Desarrollo\" width=\"74\" height=\"40\" border=\"0\" data-id=\"e85965e2-d308-f977-f530-bf413762ccba\" \/><\/a>\u00a0\u00a0\u00a0\u00a0\u00a0\u00a0\u00a0\u00a0\u00a0\u00a0\u00a0\u00a0 <a class=\"ecxyiv6841768908imgCaptionAnchor\" href=\"http:\/\/r20.rs6.net\/tn.jsp?f=001Gi6MOaMTMe3brQnN8wuZvAgMl4ee8TpRhrLPsE5LWWryf0gWXSE_DN9TzUIEG9rbX8tfVR0uBjugE1FpIx5EphKM8QgDyf_WzZfawekeFL_ORLAlQt_cdJ5p15p8-pWNvG4hvA_zweYmtwuD5RY_4WeHYOdwpt4_tTJblpYqJ5oiC0DiWhvAXw7j3Cv8UIQmkfnLHbUujtg=&amp;c=xOu0EImV2gHDLpJCGCg7ATvtlgz4he_AdF52FP5-vrVE0pQwoZAIuQ==&amp;ch=k8yPQVpSiLtrusRz-eyceKDVFNMuHGuZ3k4RVMKjR64nWcLKYxtwLw==\" target=\"_blank\" rel=\"nofollow noopener\" shape=\"rect\"><img loading=\"lazy\" decoding=\"async\" src=\"https:\/\/bay179.mail.live.com\/Handlers\/ImageProxy.mvc?bicild=&amp;canary=p%2f3prZzcYfrWHVahf6xZ%2fdjHk215XRV77rvoHpWhi5g%3d0&amp;url=http%3a%2f%2fwww.tarea.org.pe%2fimagenes%2fLED-2010-b.png\" alt=\"\" width=\"94\" height=\"51\" border=\"0\" data-id=\"e328c382-cc5a-a075-287e-0649b4821d96\" \/><\/a><\/div>\n<div><\/div>\n<\/td>\n<\/tr>\n<\/tbody>\n<\/table>\n<\/td>\n<\/tr>\n<\/tbody>\n<\/table>\n<\/td>\n<\/tr>\n<\/tbody>\n<\/table>\n<\/td>\n<\/tr>\n<\/tbody>\n<\/table>\n","protected":false},"excerpt":{"rendered":"<p>Fuente: TAREA INFORMA Para su conocimiento y difusi\u00f3n.\u00a0 &nbsp; Por el derecho a una educaci\u00f3n liberadora Bolet\u00edn Mensual\u00a0\u00a0\u00a0\u00a0\u00a0 Lima,\u00a030 de abril de 2015\u00a0\u00a0\u00a0\u00a0\u00a0\u00a0\u00a0\u00a0\u00a0\u00a0\u00a0\u00a0\u00a0\u00a0\u00a0\u00a0\u00a0\u00a0\u00a0\u00a0\u00a0\u00a0\u00a0\u00a0\u00a0\u00a0\u00a0\u00a0\u00a0\u00a0\u00a0A\u00f1o\u00a014 No.\u00a0153 PARA DEBATIR Manuel Igui\u00f1iz: La educaci\u00f3n es necesaria para una sociedad m\u00e1s justa La jornada escolar completa puede ser una medida de impacto estrat\u00e9gico para la educaci\u00f3n p\u00fablica si se desarrolla [&hellip;]<\/p>\n","protected":false},"author":3,"featured_media":1437,"comment_status":"open","ping_status":"open","sticky":false,"template":"","format":"standard","meta":{"_seopress_robots_primary_cat":"","_seopress_titles_title":"","_seopress_titles_desc":"","_seopress_robots_index":"","_et_pb_use_builder":"","_et_pb_old_content":"","_et_gb_content_width":"","footnotes":""},"categories":[21],"tags":[],"class_list":["post-1436","post","type-post","status-publish","format-standard","has-post-thumbnail","hentry","category-publicaciones"],"_links":{"self":[{"href":"https:\/\/cppe.org.pe\/portal\/wp-json\/wp\/v2\/posts\/1436","targetHints":{"allow":["GET"]}}],"collection":[{"href":"https:\/\/cppe.org.pe\/portal\/wp-json\/wp\/v2\/posts"}],"about":[{"href":"https:\/\/cppe.org.pe\/portal\/wp-json\/wp\/v2\/types\/post"}],"author":[{"embeddable":true,"href":"https:\/\/cppe.org.pe\/portal\/wp-json\/wp\/v2\/users\/3"}],"replies":[{"embeddable":true,"href":"https:\/\/cppe.org.pe\/portal\/wp-json\/wp\/v2\/comments?post=1436"}],"version-history":[{"count":1,"href":"https:\/\/cppe.org.pe\/portal\/wp-json\/wp\/v2\/posts\/1436\/revisions"}],"predecessor-version":[{"id":6072,"href":"https:\/\/cppe.org.pe\/portal\/wp-json\/wp\/v2\/posts\/1436\/revisions\/6072"}],"wp:featuredmedia":[{"embeddable":true,"href":"https:\/\/cppe.org.pe\/portal\/wp-json\/wp\/v2\/media\/1437"}],"wp:attachment":[{"href":"https:\/\/cppe.org.pe\/portal\/wp-json\/wp\/v2\/media?parent=1436"}],"wp:term":[{"taxonomy":"category","embeddable":true,"href":"https:\/\/cppe.org.pe\/portal\/wp-json\/wp\/v2\/categories?post=1436"},{"taxonomy":"post_tag","embeddable":true,"href":"https:\/\/cppe.org.pe\/portal\/wp-json\/wp\/v2\/tags?post=1436"}],"curies":[{"name":"wp","href":"https:\/\/api.w.org\/{rel}","templated":true}]}}