{"id":1439,"date":"2015-05-07T17:23:25","date_gmt":"2015-05-07T17:23:25","guid":{"rendered":"http:\/\/cppe.org.pe\/?p=1439"},"modified":"2024-08-09T12:34:01","modified_gmt":"2024-08-09T17:34:01","slug":"cursos-virtuales-politica-tic-en-educacion","status":"publish","type":"post","link":"https:\/\/cppe.org.pe\/portal\/cursos-virtuales-politica-tic-en-educacion\/","title":{"rendered":"Cursos Virtuales: Pol\u00edtica TIC en Educaci\u00f3n"},"content":{"rendered":"<p>&nbsp;<\/p>\n<p><strong>Para su informaci\u00f3n y difusi\u00f3n.\u00a0<\/strong><\/p>\n<table id=\"ecxyui_3_16_0_1_1430972847705_23065\" border=\"0\" width=\"957\" cellspacing=\"3\" cellpadding=\"0\">\n<tbody id=\"ecxyui_3_16_0_1_1430972847705_23064\">\n<tr id=\"ecxyui_3_16_0_1_1430972847705_23063\">\n<td id=\"ecxyui_3_16_0_1_1430972847705_23062\">\n<div id=\"ecxyui_3_16_0_1_1430972847705_23061\"><span id=\"ecxyui_3_16_0_1_1430972847705_23060\" style=\"color: black; font-family: 'Times New Roman', serif; font-size: medium;\"><span id=\"ecxyui_3_16_0_1_1430972847705_23059\"><img decoding=\"async\" id=\"ecxyui_3_16_0_1_1430972847705_23058\" src=\"https:\/\/email.duplika.com\/uploads\/1430939237.jpg\" alt=\"\" data-id=\"c0e5916c-3979-f000-2fcf-66f96225663a\" \/><\/span><\/span><\/div>\n<\/td>\n<\/tr>\n<tr id=\"ecxyui_3_16_0_1_1430972847705_23614\">\n<td id=\"ecxyui_3_16_0_1_1430972847705_23613\">\n<div id=\"ecxyui_3_16_0_1_1430972847705_23612\"><span style=\"color: black; font-family: 'Times New Roman', serif; font-size: medium;\"><span style=\"color: #7f7f7f; font-family: Arial, sans-serif; font-size: small;\"><b>Estimado\/a,<\/b><\/span><\/span><\/div>\n<div><span style=\"color: black; font-family: 'Times New Roman', serif; font-size: medium;\"><span style=\"color: #7f7f7f; font-family: Arial, sans-serif; font-size: small;\">\u00a0<\/span><\/span><\/div>\n<div><span style=\"color: black; font-family: 'Times New Roman', serif; font-size: medium;\"><span style=\"color: #7f7f7f; font-family: Calibri, sans-serif;\">Es un placer informarle que el Instituto Internacional de Planeamiento de la Educaci\u00f3n de la UNESCO Sede Regional Buenos Aires inicia en el mes de mayo de 2015 una nueva propuesta de formaci\u00f3n en l\u00ednea: ciclo de cursos cortos virtuales (CCV) sobre Pol\u00edtica TIC en Educaci\u00f3n.\u00a0 La duraci\u00f3n \u00a0de cada uno de los tres cursos es de un mes y tiene una carga horaria de 32 horas reloj.<\/span><\/span><\/div>\n<div><span style=\"color: black; font-family: 'Times New Roman', serif; font-size: medium;\"><span style=\"color: #7f7f7f; font-family: Calibri, sans-serif;\">\u00a0<\/span><\/span><\/div>\n<div><span style=\"color: black; font-family: 'Times New Roman', serif; font-size: medium;\"><span style=\"color: black; font-family: 'Times New Roman', serif; font-size: medium;\"><span style=\"color: #7f7f7f; font-family: Calibri, sans-serif;\">El ciclo incluye tres cursos:<\/span><\/span><\/span><span style=\"color: #7f7f7f; font-family: Calibri, sans-serif;\">1.\u00a0\u00a0\u00a0\u00a0<\/span><span style=\"color: #7f7f7f; font-family: Calibri, sans-serif;\"><b>Cultura digital y educaci\u00f3n<\/b><\/span><span style=\"color: #1f497d; font-family: Calibri, sans-serif;\">:\u00a0<\/span><span style=\"color: #7f7f7f; font-family: Calibri, sans-serif;\">Especialista invitado Dr. Manuel Area Moreira &#8211; Inicio 28 de mayo<\/span><br \/>\n<span style=\"color: #7f7f7f; font-family: Calibri, sans-serif;\">2.\u00a0\u00a0\u00a0\u00a0<\/span><span style=\"color: #7f7f7f; font-family: Calibri, sans-serif;\"><b>Aprendizaje y contenidos digitales<\/b><\/span><span style=\"color: #1f497d; font-family: Calibri, sans-serif;\">:<\/span><span style=\"color: #7f7f7f; font-family: Calibri, sans-serif;\">\u00a0Especialista invitado Dr. Crist\u00f3bal Cobo &#8211; Inicio 25 de junio<\/span><br \/>\n<span style=\"color: #7f7f7f; font-family: Calibri, sans-serif;\">3.\u00a0\u00a0\u00a0\u00a0<\/span><span style=\"color: #7f7f7f; font-family: Calibri, sans-serif;\"><b>Las TIC y la formaci\u00f3n docente<\/b><\/span><span style=\"color: #7f7f7f; font-family: Calibri, sans-serif;\">: Especialista invitado Dr. Francesc Pedr\u00f3 &#8211; Inicio 6 de agosto<\/span><\/div>\n<div><span style=\"color: black; font-family: 'Times New Roman', serif; font-size: medium;\"><span style=\"color: #1f497d; font-family: Calibri, sans-serif; font-size: small;\">\u00a0<\/span><\/span><\/div>\n<div><span style=\"color: black; font-family: 'Times New Roman', serif; font-size: medium;\"><span style=\"color: #7f7f7f; font-family: Calibri, sans-serif;\">La coordinaci\u00f3n acad\u00e9mica del ciclo de cursos cortos virtuales del IIPE UNESCO BA est\u00e1 a cargo de Mar\u00eda Teresa Lugo.<\/span><\/span><\/div>\n<div><span style=\"color: black; font-family: 'Times New Roman', serif; font-size: medium;\"><span style=\"color: windowtext;\">\u00a0<\/span><\/span><\/div>\n<div><span style=\"font-family: 'Times New Roman', serif; font-size: medium;\"><span style=\"font-family: Calibri, sans-serif;\"><b>Informaci\u00f3n sobre los cursos:<\/b><\/span><\/span><br \/>\n<span style=\"color: black; font-family: 'Times New Roman', serif; font-size: medium;\"><a href=\"https:\/\/email.duplika.com\/l\/YR5lcvwWAaHus08924B2nvig\/MxQh892D8rEATkgsguYy4LMg\/E7FOA763qJBzHyBgHfBjI49A\" target=\"_blank\" rel=\"nofollow noopener\"><span style=\"font-family: Calibri, sans-serif;\"><span style=\"font-family: 'Times New Roman', serif;\">http:\/\/www.buenosaires.iipe.unesco.org\/portal\/cursos-virtuales\/politicas-tic<\/span><\/span><\/a><\/span><\/div>\n<div><span style=\"color: black; font-family: 'Times New Roman', serif; font-size: medium;\"><span style=\"color: #7f7f7f; font-family: Calibri, sans-serif;\">\u00a0<\/span><\/span><\/div>\n<div><strong><span style=\"font-family: 'Times New Roman', serif; font-size: medium;\"><span style=\"font-family: Calibri, sans-serif;\">Para inscribirse<\/span><span style=\"font-family: Calibri, sans-serif;\">:<\/span><\/span><\/strong><\/div>\n<div><span style=\"color: black; font-family: 'Times New Roman', serif; font-size: medium;\"><a href=\"https:\/\/email.duplika.com\/l\/YR5lcvwWAaHus08924B2nvig\/poj7KuOYJc79OPMlnXW0hw\/E7FOA763qJBzHyBgHfBjI49A\" target=\"_blank\" rel=\"nofollow noopener\"><span style=\"font-family: Calibri, sans-serif;\"><span style=\"font-family: 'Times New Roman', serif;\">http:\/\/www.buenosaires.iipe.unesco.org\/inscripcion\/<\/span><\/span><\/a><\/span><\/div>\n<div><span style=\"color: black; font-family: 'Times New Roman', serif; font-size: medium;\"><span style=\"font-family: Calibri, sans-serif;\">\u00a0<\/span><\/span><\/div>\n<div><span style=\"font-family: 'Times New Roman', serif; font-size: medium;\"><span style=\"font-family: Calibri, sans-serif;\"><strong>Contacto<\/strong><\/span><\/span><span style=\"font-family: 'Times New Roman', serif; font-size: medium;\"><span style=\"font-family: Calibri, sans-serif;\"><strong>:\u00a0<\/strong><\/span><\/span><br \/>\n<span style=\"color: black; font-family: 'Times New Roman', serif; font-size: medium;\"><a href=\"mailto:ccv@iipe-buenosaires.org.ar?subject=Consulta%20Cursos%20Virtuales\" target=\"_blank\" rel=\"nofollow noopener\">ccv@iipe-buenosaires.org.ar<\/a><\/span><\/div>\n<div id=\"ecxyui_3_16_0_1_1430972847705_23618\"><span id=\"ecxyui_3_16_0_1_1430972847705_23617\" style=\"color: black; font-family: 'Times New Roman', serif; font-size: medium;\"><span id=\"ecxyui_3_16_0_1_1430972847705_23616\"><span id=\"ecxyui_3_16_0_1_1430972847705_23615\" style=\"color: #7f7f7f; font-family: Calibri, sans-serif;\">0054-11-4806-9366 (int.112) de lunes a viernes de 16 a 19hs.(Buenos Aires, Argentina GMT-3)<\/span><\/span><\/span><\/div>\n<div><span style=\"color: black; font-family: 'Times New Roman', serif; font-size: medium;\"><span style=\"color: #7f7f7f; font-family: Calibri, sans-serif; font-size: small;\">\u00a0<\/span><\/span><\/div>\n<div><span style=\"color: black; font-family: 'Times New Roman', serif; font-size: medium;\"><span style=\"color: #7f7f7f; font-family: Calibri, sans-serif; font-size: small;\">\u00a0<\/span><\/span><\/div>\n<\/td>\n<\/tr>\n<\/tbody>\n<\/table>\n","protected":false},"excerpt":{"rendered":"<p>&nbsp; Para su informaci\u00f3n y difusi\u00f3n.\u00a0 Estimado\/a, \u00a0 Es un placer informarle que el Instituto Internacional de Planeamiento de la Educaci\u00f3n de la UNESCO Sede Regional Buenos Aires inicia en el mes de mayo de 2015 una nueva propuesta de formaci\u00f3n en l\u00ednea: ciclo de cursos cortos virtuales (CCV) sobre Pol\u00edtica TIC en Educaci\u00f3n.\u00a0 La [&hellip;]<\/p>\n","protected":false},"author":3,"featured_media":1443,"comment_status":"open","ping_status":"open","sticky":false,"template":"","format":"standard","meta":{"_seopress_robots_primary_cat":"","_seopress_titles_title":"","_seopress_titles_desc":"","_seopress_robots_index":"","_et_pb_use_builder":"","_et_pb_old_content":"","_et_gb_content_width":"","footnotes":""},"categories":[21],"tags":[],"class_list":["post-1439","post","type-post","status-publish","format-standard","has-post-thumbnail","hentry","category-publicaciones"],"_links":{"self":[{"href":"https:\/\/cppe.org.pe\/portal\/wp-json\/wp\/v2\/posts\/1439","targetHints":{"allow":["GET"]}}],"collection":[{"href":"https:\/\/cppe.org.pe\/portal\/wp-json\/wp\/v2\/posts"}],"about":[{"href":"https:\/\/cppe.org.pe\/portal\/wp-json\/wp\/v2\/types\/post"}],"author":[{"embeddable":true,"href":"https:\/\/cppe.org.pe\/portal\/wp-json\/wp\/v2\/users\/3"}],"replies":[{"embeddable":true,"href":"https:\/\/cppe.org.pe\/portal\/wp-json\/wp\/v2\/comments?post=1439"}],"version-history":[{"count":1,"href":"https:\/\/cppe.org.pe\/portal\/wp-json\/wp\/v2\/posts\/1439\/revisions"}],"predecessor-version":[{"id":6071,"href":"https:\/\/cppe.org.pe\/portal\/wp-json\/wp\/v2\/posts\/1439\/revisions\/6071"}],"wp:featuredmedia":[{"embeddable":true,"href":"https:\/\/cppe.org.pe\/portal\/wp-json\/wp\/v2\/media\/1443"}],"wp:attachment":[{"href":"https:\/\/cppe.org.pe\/portal\/wp-json\/wp\/v2\/media?parent=1439"}],"wp:term":[{"taxonomy":"category","embeddable":true,"href":"https:\/\/cppe.org.pe\/portal\/wp-json\/wp\/v2\/categories?post=1439"},{"taxonomy":"post_tag","embeddable":true,"href":"https:\/\/cppe.org.pe\/portal\/wp-json\/wp\/v2\/tags?post=1439"}],"curies":[{"name":"wp","href":"https:\/\/api.w.org\/{rel}","templated":true}]}}