{"id":147,"date":"2014-09-26T23:41:30","date_gmt":"2014-09-26T23:41:30","guid":{"rendered":"http:\/\/cppe.org.pe\/nuevaweb\/?p=147"},"modified":"2024-08-09T12:38:30","modified_gmt":"2024-08-09T17:38:30","slug":"contrato-de-docentes-2015-minedu","status":"publish","type":"post","link":"https:\/\/cppe.org.pe\/portal\/contrato-de-docentes-2015-minedu\/","title":{"rendered":"Contrato de docentes 2015 &#8211; MINEDU"},"content":{"rendered":"<p>El Ministro de Educaci\u00f3n Jaime Saavedra, anunci\u00f3 que a partir del pr\u00f3ximo a\u00f1o habr\u00eda la posibilidad de contratar por un a\u00f1o m\u00e1s a los 50,000 profesores convocados anteriormente, a fin de darle continuidad a su labor.<!--more--><\/p>\n<p><strong>Explic\u00f3 que actualmente estos contratos son anuales<\/strong>, y luego se convoca a un nuevo concurso, pero en el 2015 los mismos profesores podr\u00e1n ampliar ese v\u00ednculo por un a\u00f1o m\u00e1s, previa evaluaci\u00f3n del director.<\/p>\n<p><strong>M\u00c1S HORAS EN CURSO DE INGL\u00c9S<\/strong><br \/>\nTambi\u00e9n anunci\u00f3 que el gobierno promulgar\u00e1 en los pr\u00f3ximos meses, un decreto supremo que implementa la pol\u00edtica del idioma extranjero ingl\u00e9s en las escuelas del Estado.<\/p>\n<p>En principio, anot\u00f3, se pasar\u00e1 de 2 horas a 5 horas, empezando por los mil colegios que tendr\u00e1n secundaria con horario ampliado.<\/p>\n<p>Precis\u00f3 que la metodolog\u00eda tendr\u00e1 una combinaci\u00f3n de clases presenciales con clases en l\u00ednea, lo cual implicar\u00e1 dos horas de aprendizaje y tres de tutor\u00eda.<\/p>\n<p>A partir del 2015 la ense\u00f1anza del idioma ingl\u00e9s se extender\u00e1 y fortalecer\u00e1 en toda la\u00a0<a href=\"http:\/\/www.educacionenred.pe\/\" target=\"_blank\" rel=\"noopener\">educaci\u00f3n<\/a>\u00a0b\u00e1sica peruana, de tal manera que\u00a0<a href=\"http:\/\/www.educacionenred.pe\/noticia\/?portada=57820\" target=\"_blank\" rel=\"noopener\">al a\u00f1o 2021 los estudiantes que terminen secundaria tengan un nivel de dominio que les permita comunicarse bien en dicha lengua, anunci\u00f3 el presidente Ollanta Humala<\/a>\u00a0en su<a href=\"http:\/\/www.mensajealanacion.com\/\" target=\"_blank\" rel=\"noopener\">Mensaje a la Naci\u00f3n<\/a>\u00a0por Fiestas Patrias el pasado 28 de julio.<\/p>\n<p>Por otro lado, Saavedra adelant\u00f3 que est\u00e1 en preparaci\u00f3n la norma para ejecutar S\/. 350 millones en la reparaci\u00f3n de los servicios higi\u00e9nicos de los colegios estatales, de los cuales una parte ser\u00e1 manejado por los directores.<\/p>\n<p><strong>\u2022\u00a0<a href=\"http:\/\/wwe.educacionenred.pe\/?i=http:\/\/www.minedu.gob.pe\/\" target=\"_blank\" rel=\"noopener\">www.minedu.gob.pe<\/a><\/strong><\/p>\n<p>M\u00e1s informaci\u00f3n <a href=\"http:\/\/www.educacionenred.pe\/noticia\/contrato-docente\/?portada=58188#ixzz3EoXoQwRQ\" target=\"_blank\" rel=\"noopener\">clic aqu\u00ed.<\/a><\/p>\n<p>Fuente: www.educacionenred.pe<\/p>\n","protected":false},"excerpt":{"rendered":"<p>El Ministro de Educaci\u00f3n Jaime Saavedra, anunci\u00f3 que a partir del pr\u00f3ximo a\u00f1o habr\u00eda la posibilidad de contratar por un a\u00f1o m\u00e1s a los 50,000 profesores convocados anteriormente, a fin de darle continuidad a su labor.<\/p>\n","protected":false},"author":4,"featured_media":5642,"comment_status":"open","ping_status":"open","sticky":false,"template":"","format":"standard","meta":{"_seopress_robots_primary_cat":"","_seopress_titles_title":"","_seopress_titles_desc":"","_seopress_robots_index":"","_et_pb_use_builder":"","_et_pb_old_content":"","_et_gb_content_width":"","footnotes":""},"categories":[21],"tags":[],"class_list":["post-147","post","type-post","status-publish","format-standard","has-post-thumbnail","hentry","category-publicaciones"],"_links":{"self":[{"href":"https:\/\/cppe.org.pe\/portal\/wp-json\/wp\/v2\/posts\/147","targetHints":{"allow":["GET"]}}],"collection":[{"href":"https:\/\/cppe.org.pe\/portal\/wp-json\/wp\/v2\/posts"}],"about":[{"href":"https:\/\/cppe.org.pe\/portal\/wp-json\/wp\/v2\/types\/post"}],"author":[{"embeddable":true,"href":"https:\/\/cppe.org.pe\/portal\/wp-json\/wp\/v2\/users\/4"}],"replies":[{"embeddable":true,"href":"https:\/\/cppe.org.pe\/portal\/wp-json\/wp\/v2\/comments?post=147"}],"version-history":[{"count":1,"href":"https:\/\/cppe.org.pe\/portal\/wp-json\/wp\/v2\/posts\/147\/revisions"}],"predecessor-version":[{"id":6145,"href":"https:\/\/cppe.org.pe\/portal\/wp-json\/wp\/v2\/posts\/147\/revisions\/6145"}],"wp:featuredmedia":[{"embeddable":true,"href":"https:\/\/cppe.org.pe\/portal\/wp-json\/wp\/v2\/media\/5642"}],"wp:attachment":[{"href":"https:\/\/cppe.org.pe\/portal\/wp-json\/wp\/v2\/media?parent=147"}],"wp:term":[{"taxonomy":"category","embeddable":true,"href":"https:\/\/cppe.org.pe\/portal\/wp-json\/wp\/v2\/categories?post=147"},{"taxonomy":"post_tag","embeddable":true,"href":"https:\/\/cppe.org.pe\/portal\/wp-json\/wp\/v2\/tags?post=147"}],"curies":[{"name":"wp","href":"https:\/\/api.w.org\/{rel}","templated":true}]}}