{"id":1654,"date":"2016-03-08T22:10:14","date_gmt":"2016-03-08T22:10:14","guid":{"rendered":"http:\/\/cppe.org.pe\/?p=1654"},"modified":"2024-08-09T12:32:52","modified_gmt":"2024-08-09T17:32:52","slug":"a-las-maestras-educadoras-profesionales-un-saludo-por-el-dia-internacional-de-la-mujer","status":"publish","type":"post","link":"https:\/\/cppe.org.pe\/portal\/a-las-maestras-educadoras-profesionales-un-saludo-por-el-dia-internacional-de-la-mujer\/","title":{"rendered":"A LAS MAESTRAS, EDUCADORAS PROFESIONALES, UN SALUDO POR EL D\u00cdA INTERNACIONAL DE LA MUJER"},"content":{"rendered":"<p style=\"text-align: justify;\">El 8 de marzo de cada a\u00f1o, se celebra el D\u00eda Internacional de la Mujer. Es en homenaje a 129 obreras luchadoras que en 1908, al estar en huelga en defensa de sus derechos y de su centro de trabajo fueron inmoladas. Murieron quemadas en el incendio de la f\u00e1brica Cotton Textile en New York.<\/p>\n<p style=\"text-align: justify;\">La Junta Directiva Nacional del Colegio de Profesores del Per\u00fa hace llegar un saludo afectuoso a todas las educadoras profesionales con motivo del D\u00eda Internacional de la Mujer.<\/p>\n<p style=\"text-align: justify;\">Para nuestro colegio profesional, esta efem\u00e9ride tiene un significado especial pues est\u00e1 integrado por mujeres en una mayor\u00eda abrumadora. Lamentablemente una de las explicaciones de esa mayor\u00eda femenina es porque, al estar tan maltratada, la nuestra se ha convertido en una \u201cprofesi\u00f3n para mujeres\u201d.<\/p>\n<p style=\"text-align: justify;\">Por supuesto nuestra JDN-CPPe est\u00e1 en total desacuerdo con esa visi\u00f3n errada. Por el contrario, nosotros valoramos altamente el profesionalismo y la vocaci\u00f3n de las mujeres maestras que vienen demostrando sus competencias de educadoras profesionales, aun en condiciones adversas. Y lo hacen tanto para destacar en el ejercicio profesional y acad\u00e9mico como en la defensa de su fuero y los derechos laborales. Y en ambos casos dignificando nuestra vocaci\u00f3n ya que el estado y la mayor\u00eda de los patrones en las instituciones educativas privadas no lo hacen. Que en nuestra JDN la mayor\u00eda sean damas que destacan como maestras es una muestra de lo que decimos y nos enorgullece.<\/p>\n<p style=\"text-align: justify;\">Por eso, reiterando, hacemos llegar a todas las maestras del Per\u00fa nuestro saludo y justo homenaje en el D\u00eda Internacional de la Mujer. Estamos convencidos de los grandes aportes que hacen ellas al desarrollo de nuestra profesi\u00f3n y de la educaci\u00f3n en el Per\u00fa. Por nuestros ni\u00f1os, adolescentes y j\u00f3venes, nuestros alumnos, la noble y tierna raz\u00f3n de ser de nuestra profesi\u00f3n. Es decir por el futuro de nuestra patria.<\/p>\n<p>Un abrazo afectuoso a cada maestra en este d\u00eda.<\/p>\n<p>Por la Junta Directiva Nacional<\/p>\n<p>Julio A Mendoza Garc\u00eda<br \/>\nDecano Nacional del CPPE<\/p>\n<p>Valeria E. Mari\u00e1tegui Terry<br \/>\nDirectora Secretaria Nacional<\/p>\n","protected":false},"excerpt":{"rendered":"<p>El 8 de marzo de cada a\u00f1o, se celebra el D\u00eda Internacional de la Mujer. Es en homenaje a 129 obreras luchadoras que en 1908, al estar en huelga en defensa de sus derechos y de su centro de trabajo fueron inmoladas. Murieron quemadas en el incendio de la f\u00e1brica Cotton Textile en New York. [&hellip;]<\/p>\n","protected":false},"author":3,"featured_media":1655,"comment_status":"open","ping_status":"open","sticky":false,"template":"","format":"standard","meta":{"_seopress_robots_primary_cat":"","_seopress_titles_title":"","_seopress_titles_desc":"","_seopress_robots_index":"","_et_pb_use_builder":"","_et_pb_old_content":"","_et_gb_content_width":"","footnotes":""},"categories":[21],"tags":[],"class_list":["post-1654","post","type-post","status-publish","format-standard","has-post-thumbnail","hentry","category-publicaciones"],"_links":{"self":[{"href":"https:\/\/cppe.org.pe\/portal\/wp-json\/wp\/v2\/posts\/1654","targetHints":{"allow":["GET"]}}],"collection":[{"href":"https:\/\/cppe.org.pe\/portal\/wp-json\/wp\/v2\/posts"}],"about":[{"href":"https:\/\/cppe.org.pe\/portal\/wp-json\/wp\/v2\/types\/post"}],"author":[{"embeddable":true,"href":"https:\/\/cppe.org.pe\/portal\/wp-json\/wp\/v2\/users\/3"}],"replies":[{"embeddable":true,"href":"https:\/\/cppe.org.pe\/portal\/wp-json\/wp\/v2\/comments?post=1654"}],"version-history":[{"count":1,"href":"https:\/\/cppe.org.pe\/portal\/wp-json\/wp\/v2\/posts\/1654\/revisions"}],"predecessor-version":[{"id":6019,"href":"https:\/\/cppe.org.pe\/portal\/wp-json\/wp\/v2\/posts\/1654\/revisions\/6019"}],"wp:featuredmedia":[{"embeddable":true,"href":"https:\/\/cppe.org.pe\/portal\/wp-json\/wp\/v2\/media\/1655"}],"wp:attachment":[{"href":"https:\/\/cppe.org.pe\/portal\/wp-json\/wp\/v2\/media?parent=1654"}],"wp:term":[{"taxonomy":"category","embeddable":true,"href":"https:\/\/cppe.org.pe\/portal\/wp-json\/wp\/v2\/categories?post=1654"},{"taxonomy":"post_tag","embeddable":true,"href":"https:\/\/cppe.org.pe\/portal\/wp-json\/wp\/v2\/tags?post=1654"}],"curies":[{"name":"wp","href":"https:\/\/api.w.org\/{rel}","templated":true}]}}