{"id":1676,"date":"2016-05-12T18:48:24","date_gmt":"2016-05-12T18:48:24","guid":{"rendered":"http:\/\/cppe.org.pe\/?p=1676"},"modified":"2024-08-09T12:32:52","modified_gmt":"2024-08-09T17:32:52","slug":"convocatoria-a-concurso-de-medalla-de-honor-del-cppe","status":"publish","type":"post","link":"https:\/\/cppe.org.pe\/portal\/convocatoria-a-concurso-de-medalla-de-honor-del-cppe\/","title":{"rendered":"CONVOCATORIA A CONCURSO DE MEDALLA DE HONOR DEL CPPe"},"content":{"rendered":"<blockquote>\n<h4 style=\"text-align: justify;\"><strong>El pr\u00f3ximo viernes 15 de julio de 2016, con motivo del D\u00cdA DEL MAESTRO, el Colegio de Profesores del Per\u00fa entregar\u00e1 la m\u00e1xima distinci\u00f3n de nuestra Orden a distintos educadores profesionales. La distinci\u00f3n se entregar\u00e1 en un momento especial del acto de homenaje que el CPPe rendir\u00e1 a los educadores profesionales con motivo del D\u00cdA DEL MAESTRO 2016.<\/strong><\/h4>\n<\/blockquote>\n<h4 style=\"text-align: justify;\"><\/h4>\n<h3 style=\"text-align: justify;\"><strong>\u00a0 \u00a0 \u00a0 \u00a0 \u00a0 \u00a01. CONVOCATORIA A\u00a0CONCURSO Y CRONOGRAMA \u00a0 \u00a0 \u00a0<\/strong><\/h3>\n<p><em>Descargar:<\/em>\u00a0<a href=\"https:\/\/es.scribd.com\/doc\/313060384\/Medalla-de-Honor-Convocatoria-2016\">https:\/\/es.scribd.com\/doc\/313060384\/Medalla-de-Honor-Convocatoria-2016<\/a><\/p>\n<h3>\u00a0 \u00a0 \u00a0 \u00a0 \u00a0 \u00a02. REGLAMENTO DEL CONCURSO PARA CONFERIR LA MEDALLA DE HONOR.<\/h3>\n<p><em>Descargar:\u00a0<a href=\"https:\/\/es.scribd.com\/doc\/313063073\/CRITERIOS-DE-CALIFICACION-PARA-CANDIDATOS\">https:\/\/es.scribd.com\/doc\/313063073\/CRITERIOS-DE-CALIFICACION-PARA-CANDIDATOS<\/a><\/em><\/p>\n<h3>\u00a0 \u00a0 \u00a0 \u00a0 \u00a0 \u00a03. \u00bfC\u00d3MO PRESENTAR CANDIDATOS\/AS A LA MEDALLA DE HONOR DEL COLEGIO DE PROFESORES DEL PER\u00da 2016?<\/h3>\n<p><em>Descargar:\u00a0<a href=\"https:\/\/es.scribd.com\/doc\/313060386\/MEDALLA-DE-HONOR-CPPe\">https:\/\/es.scribd.com\/doc\/313060386\/MEDALLA-DE-HONOR-CPPe<\/a><\/em><\/p>\n<p>&nbsp;<\/p>\n<p><em><strong>\u00a0 \u00a0 \u00a0 \u00a0 \u00a0 \u00a0 Mayor informaci\u00f3n puede llamar al tel\u00e9fono 423-8595 o escribir al siguiente correo: colegiodeprofesores.cppe@gmail.com\u00a0<\/strong><\/em><\/p>\n<p>&nbsp;<\/p>\n<p>&nbsp;<\/p>\n<p><strong>\u00a0 \u00a0 \u00a0 \u00a0 \u00a0 \u00a0 \u00a0 \u00a0 \u00a0 \u00a0 \u00a0 \u00a0 \u00a0 \u00a0 \u00a0 \u00a0 \u00a0 \u00a0 JULIO A. MENDOZA GARC\u00cdA \u00a0 \u00a0 \u00a0 \u00a0 \u00a0 \u00a0 \u00a0 \u00a0VALERIA E. MARI\u00c1TEGUI TERRY<\/strong><\/p>\n<p><strong>\u00a0 \u00a0 \u00a0 \u00a0 \u00a0 \u00a0 \u00a0 \u00a0 \u00a0 \u00a0 \u00a0 \u00a0 \u00a0 \u00a0 \u00a0 \u00a0 \u00a0 \u00a0 \u00a0 \u00a0 \u00a0 \u00a0 \u00a0Decano Nacional \u00a0 \u00a0 \u00a0 \u00a0 \u00a0 \u00a0 \u00a0 \u00a0 \u00a0 \u00a0 \u00a0 \u00a0 \u00a0 \u00a0 \u00a0 \u00a0 \u00a0 \u00a0 Directora Secretaria Nacional<\/strong><\/p>\n<p>&nbsp;<\/p>\n<p>&nbsp;<\/p>\n","protected":false},"excerpt":{"rendered":"<p>El pr\u00f3ximo viernes 15 de julio de 2016, con motivo del D\u00cdA DEL MAESTRO, el Colegio de Profesores del Per\u00fa entregar\u00e1 la m\u00e1xima distinci\u00f3n de nuestra Orden a distintos educadores profesionales. La distinci\u00f3n se entregar\u00e1 en un momento especial del acto de homenaje que el CPPe rendir\u00e1 a los educadores profesionales con motivo del D\u00cdA [&hellip;]<\/p>\n","protected":false},"author":3,"featured_media":1479,"comment_status":"open","ping_status":"open","sticky":false,"template":"","format":"standard","meta":{"_seopress_robots_primary_cat":"","_seopress_titles_title":"","_seopress_titles_desc":"","_seopress_robots_index":"","_et_pb_use_builder":"","_et_pb_old_content":"","_et_gb_content_width":"","footnotes":""},"categories":[21],"tags":[],"class_list":["post-1676","post","type-post","status-publish","format-standard","has-post-thumbnail","hentry","category-publicaciones"],"_links":{"self":[{"href":"https:\/\/cppe.org.pe\/portal\/wp-json\/wp\/v2\/posts\/1676","targetHints":{"allow":["GET"]}}],"collection":[{"href":"https:\/\/cppe.org.pe\/portal\/wp-json\/wp\/v2\/posts"}],"about":[{"href":"https:\/\/cppe.org.pe\/portal\/wp-json\/wp\/v2\/types\/post"}],"author":[{"embeddable":true,"href":"https:\/\/cppe.org.pe\/portal\/wp-json\/wp\/v2\/users\/3"}],"replies":[{"embeddable":true,"href":"https:\/\/cppe.org.pe\/portal\/wp-json\/wp\/v2\/comments?post=1676"}],"version-history":[{"count":1,"href":"https:\/\/cppe.org.pe\/portal\/wp-json\/wp\/v2\/posts\/1676\/revisions"}],"predecessor-version":[{"id":6015,"href":"https:\/\/cppe.org.pe\/portal\/wp-json\/wp\/v2\/posts\/1676\/revisions\/6015"}],"wp:featuredmedia":[{"embeddable":true,"href":"https:\/\/cppe.org.pe\/portal\/wp-json\/wp\/v2\/media\/1479"}],"wp:attachment":[{"href":"https:\/\/cppe.org.pe\/portal\/wp-json\/wp\/v2\/media?parent=1676"}],"wp:term":[{"taxonomy":"category","embeddable":true,"href":"https:\/\/cppe.org.pe\/portal\/wp-json\/wp\/v2\/categories?post=1676"},{"taxonomy":"post_tag","embeddable":true,"href":"https:\/\/cppe.org.pe\/portal\/wp-json\/wp\/v2\/tags?post=1676"}],"curies":[{"name":"wp","href":"https:\/\/api.w.org\/{rel}","templated":true}]}}