{"id":1813,"date":"2016-08-15T17:06:40","date_gmt":"2016-08-15T17:06:40","guid":{"rendered":"http:\/\/cppe.org.pe\/?p=1813"},"modified":"2024-08-09T12:32:46","modified_gmt":"2024-08-09T17:32:46","slug":"convocatoria-a-sesion-extraordinaria-de-la-ex-junta-directiva-nacional","status":"publish","type":"post","link":"https:\/\/cppe.org.pe\/portal\/convocatoria-a-sesion-extraordinaria-de-la-ex-junta-directiva-nacional\/","title":{"rendered":"Convocatoria a Sesi\u00f3n Extraordinaria de la ex Junta Directiva Nacional"},"content":{"rendered":"<h2 style=\"text-align: center;\"><strong>CONVOCATORIA A SESI\u00d3N EXTRAORDINARIA DE LA JUNTA DIRECTIVA NACIONAL DEL COLEGIO DE PROFESORES DEL <\/strong><strong>PER\u00da.<\/strong><\/h2>\n<h2 style=\"text-align: center;\"><strong>PERIODO: 29 DE OCTUBRE DE 2010 A 28 DE OCTUBRE DE 2013<\/strong><\/h2>\n<p><em>\u00a0<\/em><\/p>\n<p><em><strong>Sr. Julia Constantina Enr\u00edquez Liz\u00e1rraga &#8211; Ex Vice Decana Nacional<\/strong><\/em><\/p>\n<p><em><strong>Sr. Mario Alcides G\u00e1lvez Galindo &#8211; Ex Director Secretario Nacional<\/strong><\/em><\/p>\n<p><em><strong>Sr. Manuel Enrique Caballero Alvarado &#8211; Ex Director Nacional \u00a0de Asuntos Administrativos y Jur\u00eddicos\u00a0<\/strong><\/em><\/p>\n<p><em><strong>Sr. C\u00e9sar Jes\u00fas Quis\u00e9 Barriga &#8211; Ex Director Nacional de Coordinaci\u00f3n Regional.<\/strong><\/em><\/p>\n<p><em><strong>Sra. Laurentina Astudillo Agurto &#8211; Ex Directora Nacional de Asuntos Acad\u00e9micos y Profesionales<\/strong><\/em><\/p>\n<p><em><strong>Sr. Te\u00f3filo Vicente Huerta Torres &#8211; Ex Director Nacional de Prensa, Eventos y Publicaciones<\/strong><\/em><\/p>\n<p><em><strong>Sr. Camilo de Lelis Gil Garc\u00eda \u00a0&#8211; Ex Director Nacional de Econom\u00eda y Finanzas<\/strong><\/em><\/p>\n<p><em><strong>Sr. Carlos Huiman Espinoza &#8211; Ex Director Nacional de Previsi\u00f3n y Binestar Social<\/strong><\/em><\/p>\n<p>&nbsp;<\/p>\n<p style=\"text-align: justify;\">El Ex Decano Nacional del Colegio de Profesores del Per\u00fa convoca a los miembros del a Junta Directiva Nacional del periodo 29 de octubre al 28 de octubre 2016, <strong>a sesi\u00f3n extraordinaria<\/strong>, que se realizar\u00e1 <strong>el viernes 12 de agosto de 2016<\/strong>, en el local del CPPe, ubicado en Jr. Rufino Torrico N\u00b0889 \u2013 Oficina 301, Cercado de Lima.<\/p>\n<p><strong>PRIMERA CITACI\u00d3N: 4.30 p.m<\/strong><\/p>\n<p><strong>SEGUNDA CITACI\u00d3N: 5.00 p.m<\/strong><\/p>\n<p>Para tratar la siguiente agenda:<\/p>\n<ol>\n<li>Informes<\/li>\n<li>Sobre la fecha de elecciones para la renovaci\u00f3n de la Junta Directiva Nacional del Colegio de Profesores del Per\u00fa y Juntas Directivas Regionales en 19 filiales del pa\u00eds.<\/li>\n<\/ol>\n<p>&nbsp;<\/p>\n<p>Lima, 08 de agosto de 2016.<\/p>\n<p>&nbsp;<\/p>\n<p><strong>\u00a0<\/strong><\/p>\n<p style=\"text-align: center;\"><strong>MANUEL EUSEBIO RODRUIGUEZ RODRIGUEZ <\/strong><\/p>\n<p style=\"text-align: center;\"><strong>EX DECANO NACIONAL DEL CPPe<\/strong><\/p>\n<p><strong>\u00a0<\/strong><\/p>\n","protected":false},"excerpt":{"rendered":"<p>CONVOCATORIA A SESI\u00d3N EXTRAORDINARIA DE LA JUNTA DIRECTIVA NACIONAL DEL COLEGIO DE PROFESORES DEL PER\u00da. PERIODO: 29 DE OCTUBRE DE 2010 A 28 DE OCTUBRE DE 2013 \u00a0 Sr. Julia Constantina Enr\u00edquez Liz\u00e1rraga &#8211; Ex Vice Decana Nacional Sr. Mario Alcides G\u00e1lvez Galindo &#8211; Ex Director Secretario Nacional Sr. Manuel Enrique Caballero Alvarado &#8211; Ex [&hellip;]<\/p>\n","protected":false},"author":3,"featured_media":1815,"comment_status":"open","ping_status":"open","sticky":false,"template":"","format":"standard","meta":{"_seopress_robots_primary_cat":"","_seopress_titles_title":"","_seopress_titles_desc":"","_seopress_robots_index":"","_et_pb_use_builder":"","_et_pb_old_content":"","_et_gb_content_width":"","footnotes":""},"categories":[21],"tags":[],"class_list":["post-1813","post","type-post","status-publish","format-standard","has-post-thumbnail","hentry","category-publicaciones"],"_links":{"self":[{"href":"https:\/\/cppe.org.pe\/portal\/wp-json\/wp\/v2\/posts\/1813","targetHints":{"allow":["GET"]}}],"collection":[{"href":"https:\/\/cppe.org.pe\/portal\/wp-json\/wp\/v2\/posts"}],"about":[{"href":"https:\/\/cppe.org.pe\/portal\/wp-json\/wp\/v2\/types\/post"}],"author":[{"embeddable":true,"href":"https:\/\/cppe.org.pe\/portal\/wp-json\/wp\/v2\/users\/3"}],"replies":[{"embeddable":true,"href":"https:\/\/cppe.org.pe\/portal\/wp-json\/wp\/v2\/comments?post=1813"}],"version-history":[{"count":1,"href":"https:\/\/cppe.org.pe\/portal\/wp-json\/wp\/v2\/posts\/1813\/revisions"}],"predecessor-version":[{"id":5992,"href":"https:\/\/cppe.org.pe\/portal\/wp-json\/wp\/v2\/posts\/1813\/revisions\/5992"}],"wp:featuredmedia":[{"embeddable":true,"href":"https:\/\/cppe.org.pe\/portal\/wp-json\/wp\/v2\/media\/1815"}],"wp:attachment":[{"href":"https:\/\/cppe.org.pe\/portal\/wp-json\/wp\/v2\/media?parent=1813"}],"wp:term":[{"taxonomy":"category","embeddable":true,"href":"https:\/\/cppe.org.pe\/portal\/wp-json\/wp\/v2\/categories?post=1813"},{"taxonomy":"post_tag","embeddable":true,"href":"https:\/\/cppe.org.pe\/portal\/wp-json\/wp\/v2\/tags?post=1813"}],"curies":[{"name":"wp","href":"https:\/\/api.w.org\/{rel}","templated":true}]}}