{"id":1820,"date":"2016-08-15T18:24:16","date_gmt":"2016-08-15T18:24:16","guid":{"rendered":"http:\/\/cppe.org.pe\/?p=1820"},"modified":"2024-08-09T12:32:46","modified_gmt":"2024-08-09T17:32:46","slug":"marcha-nacional-contra-la-violencia-de-la-mujer","status":"publish","type":"post","link":"https:\/\/cppe.org.pe\/portal\/marcha-nacional-contra-la-violencia-de-la-mujer\/","title":{"rendered":"MARCHA NACIONAL CONTRA LA VIOLENCIA DE LA MUJER"},"content":{"rendered":"<p style=\"text-align: justify;\">Estuvimos presentes en la marcha NI UNA MENOS del 13.08.2016.<\/p>\n<p style=\"text-align: justify;\">\u00abLa ideolog\u00eda machista, patriarcal y conservadora que condena a las mujeres a roles secundarios y a su subestimaci\u00f3n en las diferentes actividades sociales, econ\u00f3micas, laborales, hasta religiosas est\u00e1n en el pensamiento conservador profundo de quienes incluso llegan a condenarlas, ofensivamente, \u00abpor exhibirse como escaparate\u00bb.<\/p>\n<p style=\"text-align: justify;\">\u00abLa desigualdad, la opresi\u00f3n y el racismo contra las mujeres trabajadoras, que son parte <span class=\"text_exposed_show\">del pueblo trabajador; es otro elemento social e ideol\u00f3gico en la violencia contra las mujeres.<\/span><\/p>\n<div class=\"text_exposed_show\">\n<p style=\"text-align: justify;\">\u00abLos educadores profesionales se\u00f1alamos al respecto nuestra condena a la ola de feminicidios e impunidad judicial en la mayor\u00eda de los casos. Proponemos que en el dise\u00f1o curricular se considerase, como tema transversal en todas las \u00e1reas, la educaci\u00f3n en el respeto a la mujer y a los derechos humanos fundamentales. Redoblemos nuestro trabajo educativo contra el Bullyng, en especial contra las ni\u00f1as y los ni\u00f1os. Seremos firmes en nuestro Comit\u00e9 de \u00c9tica en la sanci\u00f3n institucional de la Orden contra los malos maestros que desarrollen violencia f\u00edsica, moral, psicol\u00f3gica y hasta sexual contra nuestras alumnas y nuestras maestras. Mantener y promover la presencia paritaria de mujeres en nuestras Juntas Directivas Nacional y Regionales\u00bb.<\/p>\n<p style=\"text-align: justify;\">\n<p style=\"text-align: justify;\"><img loading=\"lazy\" decoding=\"async\" class=\"\" src=\"https:\/\/scontent-mia1-2.xx.fbcdn.net\/v\/t1.0-9\/13938498_1766914850233624_8113237529422682918_n.jpg?oh=6a83baf6abcf5c69ee60c52706b66dc0&amp;oe=5813824E\" alt=\"\" width=\"824\" height=\"618\" \/><\/p>\n<\/div>\n","protected":false},"excerpt":{"rendered":"<p>Estuvimos presentes en la marcha NI UNA MENOS del 13.08.2016. \u00abLa ideolog\u00eda machista, patriarcal y conservadora que condena a las mujeres a roles secundarios y a su subestimaci\u00f3n en las diferentes actividades sociales, econ\u00f3micas, laborales, hasta religiosas est\u00e1n en el pensamiento conservador profundo de quienes incluso llegan a condenarlas, ofensivamente, \u00abpor exhibirse como escaparate\u00bb. \u00abLa [&hellip;]<\/p>\n","protected":false},"author":3,"featured_media":1821,"comment_status":"open","ping_status":"open","sticky":false,"template":"","format":"standard","meta":{"_seopress_robots_primary_cat":"","_seopress_titles_title":"","_seopress_titles_desc":"","_seopress_robots_index":"","_et_pb_use_builder":"","_et_pb_old_content":"","_et_gb_content_width":"","footnotes":""},"categories":[21],"tags":[],"class_list":["post-1820","post","type-post","status-publish","format-standard","has-post-thumbnail","hentry","category-publicaciones"],"_links":{"self":[{"href":"https:\/\/cppe.org.pe\/portal\/wp-json\/wp\/v2\/posts\/1820","targetHints":{"allow":["GET"]}}],"collection":[{"href":"https:\/\/cppe.org.pe\/portal\/wp-json\/wp\/v2\/posts"}],"about":[{"href":"https:\/\/cppe.org.pe\/portal\/wp-json\/wp\/v2\/types\/post"}],"author":[{"embeddable":true,"href":"https:\/\/cppe.org.pe\/portal\/wp-json\/wp\/v2\/users\/3"}],"replies":[{"embeddable":true,"href":"https:\/\/cppe.org.pe\/portal\/wp-json\/wp\/v2\/comments?post=1820"}],"version-history":[{"count":1,"href":"https:\/\/cppe.org.pe\/portal\/wp-json\/wp\/v2\/posts\/1820\/revisions"}],"predecessor-version":[{"id":5991,"href":"https:\/\/cppe.org.pe\/portal\/wp-json\/wp\/v2\/posts\/1820\/revisions\/5991"}],"wp:featuredmedia":[{"embeddable":true,"href":"https:\/\/cppe.org.pe\/portal\/wp-json\/wp\/v2\/media\/1821"}],"wp:attachment":[{"href":"https:\/\/cppe.org.pe\/portal\/wp-json\/wp\/v2\/media?parent=1820"}],"wp:term":[{"taxonomy":"category","embeddable":true,"href":"https:\/\/cppe.org.pe\/portal\/wp-json\/wp\/v2\/categories?post=1820"},{"taxonomy":"post_tag","embeddable":true,"href":"https:\/\/cppe.org.pe\/portal\/wp-json\/wp\/v2\/tags?post=1820"}],"curies":[{"name":"wp","href":"https:\/\/api.w.org\/{rel}","templated":true}]}}