{"id":2072,"date":"2017-02-17T17:31:48","date_gmt":"2017-02-17T17:31:48","guid":{"rendered":"http:\/\/cppe.org.pe\/?p=2072"},"modified":"2024-08-09T12:27:35","modified_gmt":"2024-08-09T17:27:35","slug":"participacion-de-decano-nacional-en-congreso-internacional-de-educacion-encinas-2017","status":"publish","type":"post","link":"https:\/\/cppe.org.pe\/portal\/participacion-de-decano-nacional-en-congreso-internacional-de-educacion-encinas-2017\/","title":{"rendered":"Participaci\u00f3n de Decano Nacional en Congreso Internacional de Educaci\u00f3n ENCINAS 2017"},"content":{"rendered":"<p>El Decano Nacional del Colegio de Profesores del Per\u00fa, maestro Gilberto Meza Aguirre, particip\u00f3 el d\u00eda jueves 16 de febrero en el Congreso Internacional de Educaci\u00f3n ENCINAS 2017; desarrollando un tema muy sensible para el magisterio peruano \u00abTensiones de la Evaluaci\u00f3n Docente en el Per\u00fa y C\u00f3mo Afrontarlas\u00bb<\/p>\n<p><img decoding=\"async\" src=\"https:\/\/scontent.flim5-2.fna.fbcdn.net\/v\/t1.0-9\/16729422_1856441511280957_4483058206038788862_n.jpg?oh=01e53b0ac07c36e09af42172f90faab9&amp;oe=5948F37D\" alt=\"La imagen puede contener: una o varias personas, personas sentadas e interior\" \/><\/p>\n<p><img decoding=\"async\" src=\"https:\/\/scontent.flim5-2.fna.fbcdn.net\/v\/t1.0-9\/16730128_1856441554614286_2892689303297511296_n.jpg?oh=72db2478c64944f8ae311012b9392ba4&amp;oe=592F9286\" alt=\"La imagen puede contener: una o varias personas e interior\" \/><\/p>\n<p><img decoding=\"async\" src=\"https:\/\/scontent.flim5-2.fna.fbcdn.net\/v\/t1.0-9\/16807081_1856441521280956_4646252199055930291_n.jpg?oh=8ed232c7205717f8080d706e6d1a4bef&amp;oe=59300B64\" alt=\"La imagen puede contener: una o varias personas, personas sentadas e interior\" \/><\/p>\n<p><img decoding=\"async\" src=\"https:\/\/scontent.flim5-2.fna.fbcdn.net\/v\/t1.0-9\/16730180_1856441571280951_4323074245122525488_n.jpg?oh=5272b30854930870110278efc70b5d34&amp;oe=593A782C\" alt=\"La imagen puede contener: una o varias personas e interior\" \/><\/p>\n<p>&nbsp;<\/p>\n","protected":false},"excerpt":{"rendered":"<p>El Decano Nacional del Colegio de Profesores del Per\u00fa, maestro Gilberto Meza Aguirre, particip\u00f3 el d\u00eda jueves 16 de febrero en el Congreso Internacional de Educaci\u00f3n ENCINAS 2017; desarrollando un tema muy sensible para el magisterio peruano \u00abTensiones de la Evaluaci\u00f3n Docente en el Per\u00fa y C\u00f3mo Afrontarlas\u00bb &nbsp;<\/p>\n","protected":false},"author":3,"featured_media":2073,"comment_status":"open","ping_status":"open","sticky":false,"template":"","format":"standard","meta":{"_seopress_robots_primary_cat":"","_seopress_titles_title":"","_seopress_titles_desc":"","_seopress_robots_index":"","_et_pb_use_builder":"","_et_pb_old_content":"","_et_gb_content_width":"","footnotes":""},"categories":[21],"tags":[],"class_list":["post-2072","post","type-post","status-publish","format-standard","has-post-thumbnail","hentry","category-publicaciones"],"_links":{"self":[{"href":"https:\/\/cppe.org.pe\/portal\/wp-json\/wp\/v2\/posts\/2072","targetHints":{"allow":["GET"]}}],"collection":[{"href":"https:\/\/cppe.org.pe\/portal\/wp-json\/wp\/v2\/posts"}],"about":[{"href":"https:\/\/cppe.org.pe\/portal\/wp-json\/wp\/v2\/types\/post"}],"author":[{"embeddable":true,"href":"https:\/\/cppe.org.pe\/portal\/wp-json\/wp\/v2\/users\/3"}],"replies":[{"embeddable":true,"href":"https:\/\/cppe.org.pe\/portal\/wp-json\/wp\/v2\/comments?post=2072"}],"version-history":[{"count":1,"href":"https:\/\/cppe.org.pe\/portal\/wp-json\/wp\/v2\/posts\/2072\/revisions"}],"predecessor-version":[{"id":5955,"href":"https:\/\/cppe.org.pe\/portal\/wp-json\/wp\/v2\/posts\/2072\/revisions\/5955"}],"wp:featuredmedia":[{"embeddable":true,"href":"https:\/\/cppe.org.pe\/portal\/wp-json\/wp\/v2\/media\/2073"}],"wp:attachment":[{"href":"https:\/\/cppe.org.pe\/portal\/wp-json\/wp\/v2\/media?parent=2072"}],"wp:term":[{"taxonomy":"category","embeddable":true,"href":"https:\/\/cppe.org.pe\/portal\/wp-json\/wp\/v2\/categories?post=2072"},{"taxonomy":"post_tag","embeddable":true,"href":"https:\/\/cppe.org.pe\/portal\/wp-json\/wp\/v2\/tags?post=2072"}],"curies":[{"name":"wp","href":"https:\/\/api.w.org\/{rel}","templated":true}]}}