{"id":2094,"date":"2017-03-02T20:40:00","date_gmt":"2017-03-02T20:40:00","guid":{"rendered":"http:\/\/cppe.org.pe\/?p=2094"},"modified":"2024-08-09T12:27:34","modified_gmt":"2024-08-09T17:27:34","slug":"entrevista-a-gilberto-meza-aguirre-decano-nacional-del-cppe-sobre-el-curriculo-nacional","status":"publish","type":"post","link":"https:\/\/cppe.org.pe\/portal\/entrevista-a-gilberto-meza-aguirre-decano-nacional-del-cppe-sobre-el-curriculo-nacional\/","title":{"rendered":"Entrevista sobre el Curr\u00edculo Nacional a Gilberto Meza Aguirre, Decano Nacional del CPPe."},"content":{"rendered":"<div class=\"page-title clearfix\">\n<blockquote>\n<h3 class=\"block-title\">\u201cSe ha alarmado a los padres cuando no hay ideolog\u00eda de g\u00e9nero en el Curr\u00edculo Escolar\u201d<\/h3>\n<\/blockquote>\n<div class=\"block-new-data clearfix div-apec-interna\">\n<div class=\"info-author\">\n<p>Entrevista a <strong>Gilberto Meza Aguirre<\/strong>\u00a0Decano Nacional del Colegio de Profesores del Per\u00fa. Docente con 40 a\u00f1os de experiencia.<\/p>\n<\/div>\n<\/div>\n<div id=\"note-social-buttons\" class=\"row hidden-xs\">\n<div class=\"col-md-16\">\n<div class=\"redes\">\n<ul>\n<li class=\"fb\">\n<div class=\"fb-like fb_iframe_widget\" data-href=\"http:\/\/larepublica.pe\/impresa\/sociedad\/853005-se-ha-alarmado-los-padres-cuando-no-hay-ideologia-de-genero-en-el-curriculo-escolar\" data-width=\"220\" data-layout=\"button_count\" data-action=\"like\" data-show-faces=\"true\" data-share=\"true\"><label>Escribe:\u00a0<\/label><a href=\"http:\/\/larepublica.pe\/persona\/jesica-leon\">J\u00e9sica Le\u00f3n<\/a><\/div>\n<\/li>\n<\/ul>\n<\/div>\n<\/div>\n<\/div>\n<\/div>\n<div class=\"row content\">\n<div class=\"col-md-11 col-main\">\n<div id=\"note-body\">\n<p>El colectivo &#8216;Con mis hijos no te metas&#8217; tiene todo organizado para realizar este s\u00e1bado la marcha contra la denominada \u2018ideolog\u00eda de g\u00e9nero\u2019, con la que esperan movilizar a un mill\u00f3n de personas a nivel nacional. Al respecto, Gilberto Meza Aguirre, \u00a0decano del Colegio de Profesores del Per\u00fa sienta su posici\u00f3n y espera dar tranquilidad a los padres.<\/p>\n<p><strong>\u00bfCu\u00e1l es la posici\u00f3n del Colegio de Profesores en relaci\u00f3n con el Curr\u00edculo Escolar?<\/strong><\/p>\n<p>Hemos hecho una revisi\u00f3n del dise\u00f1o curricular y podemos concluir que no hay ideolog\u00eda de g\u00e9nero. El enfoque de g\u00e9nero que se presenta en el curr\u00edculo es en el sentido de la educaci\u00f3n en igualdad de derechos, obligaciones y libertades de hombres y mujeres. No se comprueba que el documento defienda alguna ideolog\u00eda de g\u00e9nero o de una promoci\u00f3n de educaci\u00f3n homosexual.<\/p>\n<p><strong>\u00bfQu\u00e9 les dir\u00eda a los padres de familia que van a marchar este s\u00e1bado?<\/strong><\/p>\n<p>Que no se alarmen, que los maestros hemos actuado y vamos a actuar responsablemente. Nosotros jam\u00e1s nos prestar\u00edamos para hacer de la educaci\u00f3n una herramienta para tergiversar las cosas. Nos parece que hay de por medio algunos intereses pol\u00edticos, religiosos que, lamentablemente, est\u00e1n desviando la discusi\u00f3n sobre el Curr\u00edculo Escolar. Se est\u00e1 alarmando innecesariamente a los padres.<\/p>\n<p><strong>El colectivo &#8216;Con mis hijos no te metas&#8217; pide que se retire la palabra g\u00e9nero del curr\u00edculo.<\/strong><\/p>\n<p>Es un contrasentido. No es la primera vez que se incluye la palabra g\u00e9nero en el Curr\u00edculo Escolar, ya est\u00e1 hace varios a\u00f1os. Las mujeres y hombres tienen los mismos derechos, pero todav\u00eda no hay un trato igualitario con la mujer. Nosotros exigimos que el enfoque de g\u00e9nero deber\u00eda ser una pol\u00edtica de Estado que no solo debe preocupar al Ministerio de Educaci\u00f3n, sino tambi\u00e9n a los sectores de Justicia, Trabajo, de la Mujer para conquistar la igualdad entre el hombre y la mujer.<\/p>\n<p><strong>Los maestros son los que finalmente aplicar\u00e1n este curr\u00edculo, \u00bfcu\u00e1l es el llamado que har\u00eda como decano?<\/strong><\/p>\n<p>En primer lugar que analicen con mucho profesionalismo el curr\u00edculo, que no se dejen llevar por ning\u00fan tipo de campa\u00f1a. Somos profesionales, tenemos toda la capacidad de an\u00e1lisis y los llamamos a seguir luchando contra todo tipo de discriminaci\u00f3n. Queremos que la escuela, las aulas sean espacios donde los ni\u00f1os y ni\u00f1as encuentren igualdad de oportunidades y no de discriminaci\u00f3n por ning\u00fan motivo, ni de car\u00e1cter racial ni por su orientaci\u00f3n sexual.<\/p>\n<p><strong>\u00bfC\u00f3mo debe ser abordado el tema de la homosexualidad en el sistema educativo?<\/strong><\/p>\n<p>La homosexualidad no es una enfermedad. Es una opci\u00f3n que muchas veces tiene que ver con la propia naturaleza de la persona. No es que lo aprenda en la escuela como muy bien lo dijo la ministra de Educaci\u00f3n, Maril\u00fa Martens. La homosexualidad no se aprende, la homofobia s\u00ed. Entonces se\u00f1alamos que a este grupo no se le debe marginar ni en la escuela ni en la sociedad, porque ellos no tienen la culpa de tener esa opci\u00f3n. La homofobia, como expresi\u00f3n de la sociedad machista, debe ser superada y la educaci\u00f3n debe jugar un rol fundamental en ese esfuerzo.<\/p>\n<p><strong>Le\u00ed en una nota que usted dijo que en el sistema educativo solo hay g\u00e9nero masculino y femenino y que el curr\u00edculo promueve la ideolog\u00eda de g\u00e9nero. Se est\u00e1 contradiciendo&#8230;<\/strong><\/p>\n<p>Esas declaraciones no son m\u00edas. Han usado mi nombre falsamente, yo no he estado en Ayacucho. La foto es de otra persona. Alex Paredes Gonzales se hace pasar como el decano del Colegio de Profesores y ya se le ha hecho una denuncia ante la Fiscal\u00eda por falsedad gen\u00e9rica. Justamente por esas declaraciones me han llamado congresistas fujimoristas que promueven estas marchas para felicitarme, pero yo les he aclarado que esas declaraciones no son mias. Estoy a favor de la igualdad de g\u00e9nero. \u2767<\/p>\n<p>Virgilio Grajeda<\/p>\n<\/div>\n<hr \/>\n<h4>Fuente | Diario La Rep\u00fablica.<\/h4>\n<p><strong>LINK<\/strong>:\u00a0<a href=\"http:\/\/larepublica.pe\/impresa\/sociedad\/853005-se-ha-alarmado-los-padres-cuando-no-hay-ideologia-de-genero-en-el-curriculo-escolar\" target=\"_blank\" rel=\"noopener\">http:\/\/larepublica.pe\/impresa\/sociedad\/853005-se-ha-alarmado-los-padres-cuando-no-hay-ideologia-de-genero-en-el-curriculo-escolar<\/a><\/p>\n<\/div>\n<\/div>\n","protected":false},"excerpt":{"rendered":"<p>\u201cSe ha alarmado a los padres cuando no hay ideolog\u00eda de g\u00e9nero en el Curr\u00edculo Escolar\u201d Entrevista a Gilberto Meza Aguirre\u00a0Decano Nacional del Colegio de Profesores del Per\u00fa. Docente con 40 a\u00f1os de experiencia. Escribe:\u00a0J\u00e9sica Le\u00f3n El colectivo &#8216;Con mis hijos no te metas&#8217; tiene todo organizado para realizar este s\u00e1bado la marcha contra la [&hellip;]<\/p>\n","protected":false},"author":3,"featured_media":2095,"comment_status":"open","ping_status":"open","sticky":false,"template":"","format":"standard","meta":{"_seopress_robots_primary_cat":"","_seopress_titles_title":"","_seopress_titles_desc":"","_seopress_robots_index":"","_et_pb_use_builder":"","_et_pb_old_content":"","_et_gb_content_width":"","footnotes":""},"categories":[21],"tags":[],"class_list":["post-2094","post","type-post","status-publish","format-standard","has-post-thumbnail","hentry","category-publicaciones"],"_links":{"self":[{"href":"https:\/\/cppe.org.pe\/portal\/wp-json\/wp\/v2\/posts\/2094","targetHints":{"allow":["GET"]}}],"collection":[{"href":"https:\/\/cppe.org.pe\/portal\/wp-json\/wp\/v2\/posts"}],"about":[{"href":"https:\/\/cppe.org.pe\/portal\/wp-json\/wp\/v2\/types\/post"}],"author":[{"embeddable":true,"href":"https:\/\/cppe.org.pe\/portal\/wp-json\/wp\/v2\/users\/3"}],"replies":[{"embeddable":true,"href":"https:\/\/cppe.org.pe\/portal\/wp-json\/wp\/v2\/comments?post=2094"}],"version-history":[{"count":1,"href":"https:\/\/cppe.org.pe\/portal\/wp-json\/wp\/v2\/posts\/2094\/revisions"}],"predecessor-version":[{"id":5950,"href":"https:\/\/cppe.org.pe\/portal\/wp-json\/wp\/v2\/posts\/2094\/revisions\/5950"}],"wp:featuredmedia":[{"embeddable":true,"href":"https:\/\/cppe.org.pe\/portal\/wp-json\/wp\/v2\/media\/2095"}],"wp:attachment":[{"href":"https:\/\/cppe.org.pe\/portal\/wp-json\/wp\/v2\/media?parent=2094"}],"wp:term":[{"taxonomy":"category","embeddable":true,"href":"https:\/\/cppe.org.pe\/portal\/wp-json\/wp\/v2\/categories?post=2094"},{"taxonomy":"post_tag","embeddable":true,"href":"https:\/\/cppe.org.pe\/portal\/wp-json\/wp\/v2\/tags?post=2094"}],"curies":[{"name":"wp","href":"https:\/\/api.w.org\/{rel}","templated":true}]}}