{"id":2130,"date":"2017-04-05T21:57:03","date_gmt":"2017-04-05T21:57:03","guid":{"rendered":"http:\/\/cppe.org.pe\/?p=2130"},"modified":"2024-08-09T12:27:34","modified_gmt":"2024-08-09T17:27:34","slug":"curso-exclusivo-de-preparacion-para-el-nombramiento-contratacion-y-ascenso-de-escala","status":"publish","type":"post","link":"https:\/\/cppe.org.pe\/portal\/curso-exclusivo-de-preparacion-para-el-nombramiento-contratacion-y-ascenso-de-escala\/","title":{"rendered":"CURSO EXCLUSIVO DE PREPARACI\u00d3N PARA EL NOMBRAMIENTO, CONTRATACI\u00d3N Y ASCENSO DE ESCALA."},"content":{"rendered":"<p>&nbsp;<\/p>\n<h4>El Colegio de Profesores del Per\u00fa te invita a participar del CURSO EXCLUSIVO DE PREPARACI\u00d3N PARA EL NOMBRAMIENTO, CONTRATACI\u00d3N Y ASCENSO DE ESCALA, el cual se iniciar\u00e1 el d\u00eda lunes 17 de abril y culmina el viernes 05 de mayo del presente a\u00f1o, en el horario de 6:30 pm. a 9:30 pm., en el local del SUTEP, sito en Jr. Caman\u00e1 550 &#8211; Cercado de Lima.<\/h4>\n<h4>Tel\u00e9fonos: 423-8595 \/ 977 281 614 \/ 945 759 960<\/h4>\n<h4>Nuestro Colegio de Profesores contribuyendo con la formaci\u00f3n y la revaloraci\u00f3n profesional.<\/h4>\n<h3 style=\"text-align: center;\">\u00abAL MAESTRO, EDUCADOR PROFESIONAL, SE LE R<span class=\"text_exposed_show\">ESPETA\u00bb<\/span><\/h3>\n<div class=\"text_exposed_show\">\n<p>&nbsp;<\/p>\n<\/div>\n<p><img decoding=\"async\" src=\"https:\/\/scontent.flim5-1.fna.fbcdn.net\/v\/t31.0-8\/s960x960\/17814641_1880147628910345_2990391889454170279_o.jpg?oh=140f666786d2d79b158b4dc6675e91b7&amp;oe=59553FDA\" alt=\"La imagen puede contener: una o varias personas\" \/><\/p>\n<p><img decoding=\"async\" src=\"https:\/\/scontent.flim5-1.fna.fbcdn.net\/v\/t31.0-8\/s960x960\/17546864_1880147745577000_1326507703307585099_o.jpg?oh=ef4295cc858a74c7759efd996a8bffa7&amp;oe=59556768\" alt=\"No hay texto alternativo autom\u00e1tico disponible.\" \/><\/p>\n<p>&nbsp;<\/p>\n<h5><\/h5>\n","protected":false},"excerpt":{"rendered":"<p>&nbsp; El Colegio de Profesores del Per\u00fa te invita a participar del CURSO EXCLUSIVO DE PREPARACI\u00d3N PARA EL NOMBRAMIENTO, CONTRATACI\u00d3N Y ASCENSO DE ESCALA, el cual se iniciar\u00e1 el d\u00eda lunes 17 de abril y culmina el viernes 05 de mayo del presente a\u00f1o, en el horario de 6:30 pm. a 9:30 pm., en el [&hellip;]<\/p>\n","protected":false},"author":3,"featured_media":2132,"comment_status":"open","ping_status":"open","sticky":false,"template":"","format":"standard","meta":{"_seopress_robots_primary_cat":"","_seopress_titles_title":"","_seopress_titles_desc":"","_seopress_robots_index":"","_et_pb_use_builder":"","_et_pb_old_content":"","_et_gb_content_width":"","footnotes":""},"categories":[21],"tags":[],"class_list":["post-2130","post","type-post","status-publish","format-standard","has-post-thumbnail","hentry","category-publicaciones"],"_links":{"self":[{"href":"https:\/\/cppe.org.pe\/portal\/wp-json\/wp\/v2\/posts\/2130","targetHints":{"allow":["GET"]}}],"collection":[{"href":"https:\/\/cppe.org.pe\/portal\/wp-json\/wp\/v2\/posts"}],"about":[{"href":"https:\/\/cppe.org.pe\/portal\/wp-json\/wp\/v2\/types\/post"}],"author":[{"embeddable":true,"href":"https:\/\/cppe.org.pe\/portal\/wp-json\/wp\/v2\/users\/3"}],"replies":[{"embeddable":true,"href":"https:\/\/cppe.org.pe\/portal\/wp-json\/wp\/v2\/comments?post=2130"}],"version-history":[{"count":1,"href":"https:\/\/cppe.org.pe\/portal\/wp-json\/wp\/v2\/posts\/2130\/revisions"}],"predecessor-version":[{"id":5942,"href":"https:\/\/cppe.org.pe\/portal\/wp-json\/wp\/v2\/posts\/2130\/revisions\/5942"}],"wp:featuredmedia":[{"embeddable":true,"href":"https:\/\/cppe.org.pe\/portal\/wp-json\/wp\/v2\/media\/2132"}],"wp:attachment":[{"href":"https:\/\/cppe.org.pe\/portal\/wp-json\/wp\/v2\/media?parent=2130"}],"wp:term":[{"taxonomy":"category","embeddable":true,"href":"https:\/\/cppe.org.pe\/portal\/wp-json\/wp\/v2\/categories?post=2130"},{"taxonomy":"post_tag","embeddable":true,"href":"https:\/\/cppe.org.pe\/portal\/wp-json\/wp\/v2\/tags?post=2130"}],"curies":[{"name":"wp","href":"https:\/\/api.w.org\/{rel}","templated":true}]}}