{"id":2139,"date":"2017-04-25T20:23:55","date_gmt":"2017-04-25T20:23:55","guid":{"rendered":"http:\/\/cppe.org.pe\/?p=2139"},"modified":"2024-08-09T12:27:34","modified_gmt":"2024-08-09T17:27:34","slug":"convocatoria-a-sesion-ordinaria-del-consejo-nacional-del-cppe-2","status":"publish","type":"post","link":"https:\/\/cppe.org.pe\/portal\/convocatoria-a-sesion-ordinaria-del-consejo-nacional-del-cppe-2\/","title":{"rendered":"Convocatoria a Sesi\u00f3n Ordinaria del Consejo Nacional del CPPe"},"content":{"rendered":"<h4><strong>\u00a0\u00a0\u00a0\u00a0\u00a0\u00a0\u00a0\u00a0\u00a0\u00a0\u00a0 FECHA\u00a0\u00a0\u00a0\u00a0\u00a0\u00a0\u00a0\u00a0 : S\u00e1bado, 29 de abril de 2017.<\/strong><\/h4>\n<h4><strong>\u00a0<\/strong><\/h4>\n<h4><strong>De conformidad con lo establecido en el Art\u00edculo 18\u00ba del Estatuto del Colegio,<\/strong> se convoca a <strong>Sesi\u00f3n Ordinaria del Consejo Nacional del Colegio de Profesores del Per\u00fa para el d\u00eda s\u00e1bado 29 de abril, con la siguiente agenda:<\/strong><\/h4>\n<h4><\/h4>\n<ol>\n<li>\n<h4>Informes de Gesti\u00f3n.<\/h4>\n<\/li>\n<li>\n<h4>Memoria Anual y Balance 2016.<\/h4>\n<\/li>\n<\/ol>\n<h4><\/h4>\n<h4><strong>Asisten los miembros de la Junta Directiva Nacional y los Decanos de los Colegios Regionales.<\/strong><\/h4>\n<h4><\/h4>\n<h4>\u00a0\u00a0\u00a0\u00a0\u00a0\u00a0\u00a0\u00a0\u00a0\u00a0\u00a0 Primera citaci\u00f3n\u00a0\u00a0 :\u00a0\u00a0\u00a0 \u00a009:30 a. m.<\/h4>\n<h4>\u00a0\u00a0\u00a0\u00a0\u00a0\u00a0\u00a0\u00a0\u00a0\u00a0\u00a0 Segunda citaci\u00f3n \u00a0:\u00a0 \u00a0\u00a0\u00a010:00 a. m.<\/h4>\n<h4>\u00a0\u00a0\u00a0\u00a0\u00a0\u00a0\u00a0\u00a0\u00a0\u00a0\u00a0 D\u00eda\u00a0\u00a0\u00a0\u00a0\u00a0 \u00a0\u00a0\u00a0\u00a0\u00a0\u00a0\u00a0\u00a0\u00a0\u00a0\u00a0\u00a0\u00a0\u00a0 \u00a0\u00a0\u00a0:\u00a0\u00a0 \u00a0\u00a0S\u00e1bado, 25 de marzo de 2017.<\/h4>\n<h4>\u00a0\u00a0\u00a0\u00a0\u00a0\u00a0\u00a0\u00a0\u00a0\u00a0\u00a0 Lugar\u00a0 \u00a0\u00a0\u00a0\u00a0\u00a0\u00a0\u00a0\u00a0\u00a0\u00a0\u00a0 \u00a0\u00a0\u00a0\u00a0\u00a0\u00a0:\u00a0\u00a0 \u00a0\u00a0Jr. Rufino Torrico N\u00b0 889- Oficina 301, Lima.<\/h4>\n<h4><\/h4>\n<h4><strong>Cumplida la hora de la segunda citaci\u00f3n, la reuni\u00f3n se realizar\u00e1 con los asistentes y los acuerdos se tomar\u00e1n por mayor\u00eda simple.<\/strong><\/h4>\n<h4><strong>\u00a0<\/strong><\/h4>\n<h4><strong>\u00a0<\/strong><\/h4>\n<h4 style=\"text-align: center;\"><strong>GILBERTO R. MEZA AGUIRRE<\/strong><\/h4>\n<h4 style=\"text-align: center;\"><strong>DECANO NACIONAL DEL CPPe<\/strong><\/h4>\n<p>&nbsp;<\/p>\n<p><strong>DESCARGAR<\/strong>: \u00a0\u00a0<a href=\"https:\/\/cppe.net.pe\/portal\/wp-content\/uploads\/2017\/04\/Convocatoria-a-Sesion-Ordinaria-del-Consejo-Nacional-del-CPPe-Abril-2017.pdf\" target=\"_blank\" rel=\"noopener noreferrer\">Convocatoria a Sesi\u00f3n Ordinaria del Consejo Nacional del CPPe &#8211; Abril 2017<\/a><\/p>\n","protected":false},"excerpt":{"rendered":"<p>\u00a0\u00a0\u00a0\u00a0\u00a0\u00a0\u00a0\u00a0\u00a0\u00a0\u00a0 FECHA\u00a0\u00a0\u00a0\u00a0\u00a0\u00a0\u00a0\u00a0 : S\u00e1bado, 29 de abril de 2017. \u00a0 De conformidad con lo establecido en el Art\u00edculo 18\u00ba del Estatuto del Colegio, se convoca a Sesi\u00f3n Ordinaria del Consejo Nacional del Colegio de Profesores del Per\u00fa para el d\u00eda s\u00e1bado 29 de abril, con la siguiente agenda: Informes de Gesti\u00f3n. Memoria Anual y Balance [&hellip;]<\/p>\n","protected":false},"author":3,"featured_media":1374,"comment_status":"open","ping_status":"open","sticky":false,"template":"","format":"standard","meta":{"_seopress_robots_primary_cat":"","_seopress_titles_title":"","_seopress_titles_desc":"","_seopress_robots_index":"","_et_pb_use_builder":"","_et_pb_old_content":"","_et_gb_content_width":"","footnotes":""},"categories":[21],"tags":[],"class_list":["post-2139","post","type-post","status-publish","format-standard","has-post-thumbnail","hentry","category-publicaciones"],"_links":{"self":[{"href":"https:\/\/cppe.org.pe\/portal\/wp-json\/wp\/v2\/posts\/2139","targetHints":{"allow":["GET"]}}],"collection":[{"href":"https:\/\/cppe.org.pe\/portal\/wp-json\/wp\/v2\/posts"}],"about":[{"href":"https:\/\/cppe.org.pe\/portal\/wp-json\/wp\/v2\/types\/post"}],"author":[{"embeddable":true,"href":"https:\/\/cppe.org.pe\/portal\/wp-json\/wp\/v2\/users\/3"}],"replies":[{"embeddable":true,"href":"https:\/\/cppe.org.pe\/portal\/wp-json\/wp\/v2\/comments?post=2139"}],"version-history":[{"count":1,"href":"https:\/\/cppe.org.pe\/portal\/wp-json\/wp\/v2\/posts\/2139\/revisions"}],"predecessor-version":[{"id":5940,"href":"https:\/\/cppe.org.pe\/portal\/wp-json\/wp\/v2\/posts\/2139\/revisions\/5940"}],"wp:featuredmedia":[{"embeddable":true,"href":"https:\/\/cppe.org.pe\/portal\/wp-json\/wp\/v2\/media\/1374"}],"wp:attachment":[{"href":"https:\/\/cppe.org.pe\/portal\/wp-json\/wp\/v2\/media?parent=2139"}],"wp:term":[{"taxonomy":"category","embeddable":true,"href":"https:\/\/cppe.org.pe\/portal\/wp-json\/wp\/v2\/categories?post=2139"},{"taxonomy":"post_tag","embeddable":true,"href":"https:\/\/cppe.org.pe\/portal\/wp-json\/wp\/v2\/tags?post=2139"}],"curies":[{"name":"wp","href":"https:\/\/api.w.org\/{rel}","templated":true}]}}