{"id":2183,"date":"2017-05-16T18:16:19","date_gmt":"2017-05-16T18:16:19","guid":{"rendered":"http:\/\/cppe.org.pe\/?p=2183"},"modified":"2024-08-09T12:27:33","modified_gmt":"2024-08-09T17:27:33","slug":"clausura-del-curso-exclusivo-de-preparacion-para-nombramiento-contratacion-y-ascenso-de-escala-2017","status":"publish","type":"post","link":"https:\/\/cppe.org.pe\/portal\/clausura-del-curso-exclusivo-de-preparacion-para-nombramiento-contratacion-y-ascenso-de-escala-2017\/","title":{"rendered":"CLAUSURA DEL CURSO EXCLUSIVO DE PREPARACI\u00d3N PARA NOMBRAMIENTO, CONTRATACI\u00d3N Y ASCENSO DE ESCALA 2017."},"content":{"rendered":"<h4 style=\"text-align: justify;\">Con \u00e9xito se realiz\u00f3 la clausura del CURSO EXCLUSIVO DE PREPARACI\u00d3N PARA NOMBRAMIENTO, CONTRATACI\u00d3N Y ASCENSO DE ESCALA 2017 . Este curso se desarroll\u00f3 durante un mes y contamos con ponentes de alto prestigio en el \u00e1mbito educativo, esperamos haber cubierto las expectativas de los maestros y maestras que participaron con dedicaci\u00f3n y entusiasmo.<br \/>\nEn la clausura contamos con la presencia del Decano Nacional maestro Gilberto Meza Aguirre\u00a0y con los integrantes de la Junta Direc<span class=\"text_exposed_show\">tiva Nacional maestras Isabel Gladys Portilla R\u00edos, Gina Maril\u00fa Carre\u00f1o Huayre, el coordinador Mario G\u00e1lvez Galindo; as\u00ed tambi\u00e9n la presencia del Secretario de Organizaci\u00f3n del Sute Lima Gilmer Meza Alegre. Al culminar el evento se realiz\u00f3 la entrega de los certificados con una programaci\u00f3n de 300 horas pedag\u00f3gicas.<\/span><\/h4>\n<h4><span class=\"text_exposed_show\">A pedido de nuestros participantes y maestros interesados que no pudieron asistir a este curso de preparaci\u00f3n, se realizar\u00e1 \u00a0un ciclo intensivo de simulacros de ex\u00e1menes, que iniciar\u00e1 el d\u00eda lunes 22 de mayo en el horario de 6:30 a 9:30 pm.<\/span><\/h4>\n<h4 style=\"text-align: justify;\"><span class=\"text_exposed_show\">El Colegio de Profesores del Per\u00fa contribuyendo con la Formaci\u00f3n y la Revaloraci\u00f3n de Nuestra Orden Profesional.<\/span><\/h4>\n<h4 style=\"text-align: center;\"><span class=\"text_exposed_show\">\u00a1 AL MAESTRO, EDUCADOR PROFESIONAL, SE LE RESPETA !<\/span><\/h4>\n<p><img loading=\"lazy\" decoding=\"async\" class=\"\" src=\"https:\/\/scontent.flim5-1.fna.fbcdn.net\/v\/t1.0-9\/18403541_1899157220342719_1985303927901547901_n.jpg?oh=37c2081146fd4e02ded0cc23f3a48f17&amp;oe=59B03B76\" alt=\"La imagen puede contener: 10 personas, interior\" width=\"767\" height=\"432\" \/><\/p>\n<p><strong>VER M\u00c1S FOTOS<\/strong>:\u00a0<a href=\"https:\/\/www.facebook.com\/CPPeColegioDeProfesoresDelPeru\/posts\/1899157883675986\" target=\"_blank\" rel=\"noopener noreferrer\">https:\/\/www.facebook.com\/CPPeColegioDeProfesoresDelPeru\/posts\/1899157883675986<\/a><\/p>\n","protected":false},"excerpt":{"rendered":"<p>Con \u00e9xito se realiz\u00f3 la clausura del CURSO EXCLUSIVO DE PREPARACI\u00d3N PARA NOMBRAMIENTO, CONTRATACI\u00d3N Y ASCENSO DE ESCALA 2017 . Este curso se desarroll\u00f3 durante un mes y contamos con ponentes de alto prestigio en el \u00e1mbito educativo, esperamos haber cubierto las expectativas de los maestros y maestras que participaron con dedicaci\u00f3n y entusiasmo. En [&hellip;]<\/p>\n","protected":false},"author":3,"featured_media":2184,"comment_status":"open","ping_status":"open","sticky":false,"template":"","format":"standard","meta":{"_seopress_robots_primary_cat":"","_seopress_titles_title":"","_seopress_titles_desc":"","_seopress_robots_index":"","_et_pb_use_builder":"","_et_pb_old_content":"","_et_gb_content_width":"","footnotes":""},"categories":[21],"tags":[],"class_list":["post-2183","post","type-post","status-publish","format-standard","has-post-thumbnail","hentry","category-publicaciones"],"_links":{"self":[{"href":"https:\/\/cppe.org.pe\/portal\/wp-json\/wp\/v2\/posts\/2183","targetHints":{"allow":["GET"]}}],"collection":[{"href":"https:\/\/cppe.org.pe\/portal\/wp-json\/wp\/v2\/posts"}],"about":[{"href":"https:\/\/cppe.org.pe\/portal\/wp-json\/wp\/v2\/types\/post"}],"author":[{"embeddable":true,"href":"https:\/\/cppe.org.pe\/portal\/wp-json\/wp\/v2\/users\/3"}],"replies":[{"embeddable":true,"href":"https:\/\/cppe.org.pe\/portal\/wp-json\/wp\/v2\/comments?post=2183"}],"version-history":[{"count":1,"href":"https:\/\/cppe.org.pe\/portal\/wp-json\/wp\/v2\/posts\/2183\/revisions"}],"predecessor-version":[{"id":5933,"href":"https:\/\/cppe.org.pe\/portal\/wp-json\/wp\/v2\/posts\/2183\/revisions\/5933"}],"wp:featuredmedia":[{"embeddable":true,"href":"https:\/\/cppe.org.pe\/portal\/wp-json\/wp\/v2\/media\/2184"}],"wp:attachment":[{"href":"https:\/\/cppe.org.pe\/portal\/wp-json\/wp\/v2\/media?parent=2183"}],"wp:term":[{"taxonomy":"category","embeddable":true,"href":"https:\/\/cppe.org.pe\/portal\/wp-json\/wp\/v2\/categories?post=2183"},{"taxonomy":"post_tag","embeddable":true,"href":"https:\/\/cppe.org.pe\/portal\/wp-json\/wp\/v2\/tags?post=2183"}],"curies":[{"name":"wp","href":"https:\/\/api.w.org\/{rel}","templated":true}]}}