{"id":2189,"date":"2017-05-17T16:28:43","date_gmt":"2017-05-17T16:28:43","guid":{"rendered":"http:\/\/cppe.org.pe\/?p=2189"},"modified":"2024-08-09T12:27:33","modified_gmt":"2024-08-09T17:27:33","slug":"semana-de-la-diversidad-cultural-y-linguistica-21-al-27-mayo","status":"publish","type":"post","link":"https:\/\/cppe.org.pe\/portal\/semana-de-la-diversidad-cultural-y-linguistica-21-al-27-mayo\/","title":{"rendered":"Semana de la Diversidad Cultural y Ling\u00fc\u00edstica &#8211; 21 al 27 mayo"},"content":{"rendered":"<p>Estimados maestros.<\/p>\n<p style=\"text-align: justify;\">El Ministerio de Cultura invita a todos y todas a participar de las actividades por la Semana de la Diversidad Cultural y Ling\u00fc\u00edstica que se realizar\u00e1 del 21 al 27 en Lima, Callao, Arequipa, Ancash, Ica, Tacna, y Jun\u00edn. Este a\u00f1o, buscamos reflexionar sobre la discriminaci\u00f3n \u00e9tnico-racial y las inequidades que a\u00fan debemos superar para construir un pa\u00eds que respeta y cuida sus diversas culturas unidas en un futuro com\u00fan.<\/p>\n<p style=\"text-align: justify;\">Les compartimos la programaci\u00f3n c<span class=\"text_exposed_show\">ompleta de la Semana de la Diversidad Cultural y Ling\u00fc\u00edstica en Lima y Callao que incluye el lanzamiento de la Intervenci\u00f3n Nacional Contra el Racismo, la presentaci\u00f3n de publicaciones y aplicativos m\u00f3viles de lenguas originarias, charlas, conversatorios, mesas de reflexi\u00f3n y un ciclo de CineForo: <a href=\"https:\/\/l.facebook.com\/l.php?u=https%3A%2F%2Fgoo.gl%2FLQc4Dg&amp;h=ATMHDmJtX7qvlYFLvTqk0i3RnhigfBn2C-Cybtj2-IqXEFxV_y7uElulG-S6r342evrLOqL1iLSPJkwgJEjrzjur95AfZL8XuzAzvhS0BTnHUchTrbKEJWf2QR4td7GtALIln0n_H2qCzee7yDNcc1KT&amp;enc=AZPG4cEBbxCNTSCTnRIPUOxI_ttqkqJW62Xx_hjkSEIPEL5cdUgQIbKvOyNGjCXzCpII8bLcsXw9MMrWn2gE5KVHwfC1sFq-BYW0ndwqFGnjo_FLfSfya-3o731Jqg_1qRjqfOjXLBpRgTVgNvQr0j2azu1siRRh0iZER-hiZZKzYl03PFJmlQpfOd3IUe1y1mNOtooakoB-if2XhNphJYuP&amp;s=1\" target=\"_blank\" rel=\"nofollow noopener noreferrer\">https:\/\/goo.gl\/LQc4Dg<\/a><\/span><\/p>\n<div class=\"text_exposed_show\">\n<p style=\"text-align: justify;\">Pueden seguir a la p\u00e1gina del Ministerio de Cultura <a href=\"https:\/\/l.facebook.com\/l.php?u=https%3A%2F%2Fgoo.gl%2FLolcJt&amp;h=ATN_jyeANdt2vuTCdLJtC35shR6SPiJw6ubej45DD3DEvch8JchbnQLBwQTp0FWFCwQ3lf_QoA4TaZ3O8X5sA8k8i8mE6V6FBdh7wW-YpRD20U0yb7d4n6w3hfPiLmfWesH-X5i_zjR3bhPpH_vaaO1Y&amp;enc=AZMWXZm1KSh5SW9tWALwVMXI5uMSxTROlp_-UuKzN2FEYu_SWtfZy6Jb214-9yIl1wJ1ZLTuATn06C-ZtxJDMKkDF9BDhYOMrrrMoMyOVhJIHCt1tWCq1-cV91bEd5qiPp3_Luv_vgA1YRhqSccllvVrRuqhv-cPv8q6rphxMpCKbpBSc5GNBAgIZgN-fanr4fEVkRPEl4DbmkRibrfOPvHn&amp;s=1\" target=\"_blank\" rel=\"nofollow noopener noreferrer\">https:\/\/goo.gl\/LolcJt<\/a> y de Alerta Contra el Racismo <a href=\"https:\/\/l.facebook.com\/l.php?u=https%3A%2F%2Fgoo.gl%2FHizCZ3&amp;h=ATNOjDl3HvMMsdgZhWFLUXKT19Hz_Ekpnu7ZfIEEUgfI3nvZDT8niTTewuLfaHTrEkEdeW8BKxbtYtJ1GAdzCFH_aoYu9wqtHcoxOy9QadNVaCSM1FYmKHyHWsn7AfOh-5i3Q4tku7pGCNukozFUE14r&amp;enc=AZNqLZJJO9ApT1TMy_kaQzMsio0YSkNA5cQRmuz5VXxRPwkCFSkdps7MTL5Rd3lOBVkZnH7v-p1Vbfcg28fhFfJkA51cmPU4HrJ0Hy5gzyT8X32URJOrSEnaH66XdrhOt1sjXM0S160G7f7EuLbJU53rSmfLgBkFNBUjj6SUs0ZZxNnNZfYg-FJWvTMlve6bD5PQW9SEu8epDmQ0EUxOUH9q&amp;s=1\" target=\"_blank\" rel=\"nofollow noopener noreferrer\">https:\/\/goo.gl\/HizCZ3<\/a> para estar atentos a las actividades.<\/p>\n<p style=\"text-align: justify;\">Los invitamos especialmente a participar de las Mesas de Reflexi\u00f3n del d\u00eda mi\u00e9rcoles 24 de mayo:<\/p>\n<p style=\"text-align: justify;\"><img decoding=\"async\" src=\"https:\/\/scontent.flim5-1.fna.fbcdn.net\/v\/t1.0-9\/18485650_1900611530197288_2593192786670616124_n.jpg?oh=4d1538ee4c8843176e374b315730d03e&amp;oe=59B4E70B\" alt=\"No hay texto alternativo autom\u00e1tico disponible.\" \/><\/p>\n<p style=\"text-align: justify;\"><img decoding=\"async\" src=\"https:\/\/scontent.flim5-1.fna.fbcdn.net\/v\/t1.0-9\/18581809_1900611536863954_1839624721087832858_n.jpg?oh=b9d7c8ce23c6c21197ab424533c2415d&amp;oe=59A840B1\" alt=\"No hay texto alternativo autom\u00e1tico disponible.\" \/><\/p>\n<\/div>\n","protected":false},"excerpt":{"rendered":"<p>Estimados maestros. El Ministerio de Cultura invita a todos y todas a participar de las actividades por la Semana de la Diversidad Cultural y Ling\u00fc\u00edstica que se realizar\u00e1 del 21 al 27 en Lima, Callao, Arequipa, Ancash, Ica, Tacna, y Jun\u00edn. Este a\u00f1o, buscamos reflexionar sobre la discriminaci\u00f3n \u00e9tnico-racial y las inequidades que a\u00fan debemos [&hellip;]<\/p>\n","protected":false},"author":3,"featured_media":2190,"comment_status":"open","ping_status":"open","sticky":false,"template":"","format":"standard","meta":{"_seopress_robots_primary_cat":"","_seopress_titles_title":"","_seopress_titles_desc":"","_seopress_robots_index":"","_et_pb_use_builder":"","_et_pb_old_content":"","_et_gb_content_width":"","footnotes":""},"categories":[21],"tags":[],"class_list":["post-2189","post","type-post","status-publish","format-standard","has-post-thumbnail","hentry","category-publicaciones"],"_links":{"self":[{"href":"https:\/\/cppe.org.pe\/portal\/wp-json\/wp\/v2\/posts\/2189","targetHints":{"allow":["GET"]}}],"collection":[{"href":"https:\/\/cppe.org.pe\/portal\/wp-json\/wp\/v2\/posts"}],"about":[{"href":"https:\/\/cppe.org.pe\/portal\/wp-json\/wp\/v2\/types\/post"}],"author":[{"embeddable":true,"href":"https:\/\/cppe.org.pe\/portal\/wp-json\/wp\/v2\/users\/3"}],"replies":[{"embeddable":true,"href":"https:\/\/cppe.org.pe\/portal\/wp-json\/wp\/v2\/comments?post=2189"}],"version-history":[{"count":1,"href":"https:\/\/cppe.org.pe\/portal\/wp-json\/wp\/v2\/posts\/2189\/revisions"}],"predecessor-version":[{"id":5932,"href":"https:\/\/cppe.org.pe\/portal\/wp-json\/wp\/v2\/posts\/2189\/revisions\/5932"}],"wp:featuredmedia":[{"embeddable":true,"href":"https:\/\/cppe.org.pe\/portal\/wp-json\/wp\/v2\/media\/2190"}],"wp:attachment":[{"href":"https:\/\/cppe.org.pe\/portal\/wp-json\/wp\/v2\/media?parent=2189"}],"wp:term":[{"taxonomy":"category","embeddable":true,"href":"https:\/\/cppe.org.pe\/portal\/wp-json\/wp\/v2\/categories?post=2189"},{"taxonomy":"post_tag","embeddable":true,"href":"https:\/\/cppe.org.pe\/portal\/wp-json\/wp\/v2\/tags?post=2189"}],"curies":[{"name":"wp","href":"https:\/\/api.w.org\/{rel}","templated":true}]}}