{"id":2200,"date":"2017-05-25T19:03:16","date_gmt":"2017-05-25T19:03:16","guid":{"rendered":"http:\/\/cppe.org.pe\/?p=2200"},"modified":"2024-08-09T12:27:33","modified_gmt":"2024-08-09T17:27:33","slug":"saludo-a-las-maestras-de-educacion-inicial","status":"publish","type":"post","link":"https:\/\/cppe.org.pe\/portal\/saludo-a-las-maestras-de-educacion-inicial\/","title":{"rendered":"Saludo a las maestras de Educaci\u00f3n Inicial"},"content":{"rendered":"<h4 style=\"text-align: justify;\">Hoy recordamos el D\u00eda de la Educaci\u00f3n Inicial en el Per\u00fa, como un justo homenaje a las ilustres educadoras Victoria y Emilia Barcia Boniffatti, quienes dirigieron el primer Jard\u00edn de la Infancia que comenz\u00f3 a funcionar un 25 de mayo de 1931, bajo el lema \u201cTodo por amor, nada por fuerza\u201d.<\/h4>\n<h4 style=\"text-align: justify;\">Saludamos a todas las maestras del nivel inicial y reconocemos la abnegada y sacrificada labor que realizan con sus ni\u00f1os.<\/h4>\n<h4 style=\"text-align: center;\">\u00a1Viva el D\u00eda de la Educaci\u00f3n Inicial!<\/h4>\n<h4 style=\"text-align: justify;\"><\/h4>\n<p>&nbsp;<\/p>\n<h4 style=\"text-align: center;\">Gilberto R. Meza Aguirre<\/h4>\n<h4 style=\"text-align: center;\">Decano Nacional del CPPe<\/h4>\n","protected":false},"excerpt":{"rendered":"<p>Hoy recordamos el D\u00eda de la Educaci\u00f3n Inicial en el Per\u00fa, como un justo homenaje a las ilustres educadoras Victoria y Emilia Barcia Boniffatti, quienes dirigieron el primer Jard\u00edn de la Infancia que comenz\u00f3 a funcionar un 25 de mayo de 1931, bajo el lema \u201cTodo por amor, nada por fuerza\u201d. Saludamos a todas las [&hellip;]<\/p>\n","protected":false},"author":3,"featured_media":2201,"comment_status":"open","ping_status":"open","sticky":false,"template":"","format":"standard","meta":{"_seopress_robots_primary_cat":"","_seopress_titles_title":"","_seopress_titles_desc":"","_seopress_robots_index":"","_et_pb_use_builder":"","_et_pb_old_content":"","_et_gb_content_width":"","footnotes":""},"categories":[21],"tags":[],"class_list":["post-2200","post","type-post","status-publish","format-standard","has-post-thumbnail","hentry","category-publicaciones"],"_links":{"self":[{"href":"https:\/\/cppe.org.pe\/portal\/wp-json\/wp\/v2\/posts\/2200","targetHints":{"allow":["GET"]}}],"collection":[{"href":"https:\/\/cppe.org.pe\/portal\/wp-json\/wp\/v2\/posts"}],"about":[{"href":"https:\/\/cppe.org.pe\/portal\/wp-json\/wp\/v2\/types\/post"}],"author":[{"embeddable":true,"href":"https:\/\/cppe.org.pe\/portal\/wp-json\/wp\/v2\/users\/3"}],"replies":[{"embeddable":true,"href":"https:\/\/cppe.org.pe\/portal\/wp-json\/wp\/v2\/comments?post=2200"}],"version-history":[{"count":1,"href":"https:\/\/cppe.org.pe\/portal\/wp-json\/wp\/v2\/posts\/2200\/revisions"}],"predecessor-version":[{"id":5931,"href":"https:\/\/cppe.org.pe\/portal\/wp-json\/wp\/v2\/posts\/2200\/revisions\/5931"}],"wp:featuredmedia":[{"embeddable":true,"href":"https:\/\/cppe.org.pe\/portal\/wp-json\/wp\/v2\/media\/2201"}],"wp:attachment":[{"href":"https:\/\/cppe.org.pe\/portal\/wp-json\/wp\/v2\/media?parent=2200"}],"wp:term":[{"taxonomy":"category","embeddable":true,"href":"https:\/\/cppe.org.pe\/portal\/wp-json\/wp\/v2\/categories?post=2200"},{"taxonomy":"post_tag","embeddable":true,"href":"https:\/\/cppe.org.pe\/portal\/wp-json\/wp\/v2\/tags?post=2200"}],"curies":[{"name":"wp","href":"https:\/\/api.w.org\/{rel}","templated":true}]}}