{"id":2276,"date":"2017-07-03T18:52:39","date_gmt":"2017-07-03T18:52:39","guid":{"rendered":"http:\/\/cppe.org.pe\/?p=2276"},"modified":"2024-08-09T12:22:49","modified_gmt":"2024-08-09T17:22:49","slug":"invitacion-de-la-municipalidad-de-lima-por-el-dia-del-maestro","status":"publish","type":"post","link":"https:\/\/cppe.org.pe\/portal\/invitacion-de-la-municipalidad-de-lima-por-el-dia-del-maestro\/","title":{"rendered":"Invitaci\u00f3n de la Municipalidad de Lima por el D\u00eda del Maestro."},"content":{"rendered":"<h4>Hacemos extensiva la invitaci\u00f3n de la Municipalidad de Lima para participar de la Celebraci\u00f3n por el D\u00eda del Maestro, a realizarse el Martes 04 de julio a las 4:00 p.m.<\/h4>\n<p><img decoding=\"async\" src=\"https:\/\/scontent.flim5-1.fna.fbcdn.net\/v\/t31.0-8\/19679043_1922904301301344_1637002860194979487_o.jpg?oh=3ee0362696b00ba104c1c69403fbde19&amp;oe=59C83755\" alt=\"La imagen puede contener: texto\" \/><\/p>\n<p>&nbsp;<\/p>\n<h5><em><strong>S\u00edguenos en nuestro fanpage:\u00a0<a href=\"https:\/\/www.facebook.com\/CPPeColegioDeProfesoresDelPeru\/\" target=\"_blank\" rel=\"noopener noreferrer\">www.facebook.com\/CPPeColegioDeProfesoresDelPeru\/<\/a><\/strong><\/em><\/h5>\n","protected":false},"excerpt":{"rendered":"<p>Hacemos extensiva la invitaci\u00f3n de la Municipalidad de Lima para participar de la Celebraci\u00f3n por el D\u00eda del Maestro, a realizarse el Martes 04 de julio a las 4:00 p.m. &nbsp; S\u00edguenos en nuestro fanpage:\u00a0www.facebook.com\/CPPeColegioDeProfesoresDelPeru\/<\/p>\n","protected":false},"author":3,"featured_media":2277,"comment_status":"open","ping_status":"open","sticky":false,"template":"","format":"standard","meta":{"_seopress_robots_primary_cat":"","_seopress_titles_title":"","_seopress_titles_desc":"","_seopress_robots_index":"","_et_pb_use_builder":"","_et_pb_old_content":"","_et_gb_content_width":"","footnotes":""},"categories":[21],"tags":[],"class_list":["post-2276","post","type-post","status-publish","format-standard","has-post-thumbnail","hentry","category-publicaciones"],"_links":{"self":[{"href":"https:\/\/cppe.org.pe\/portal\/wp-json\/wp\/v2\/posts\/2276","targetHints":{"allow":["GET"]}}],"collection":[{"href":"https:\/\/cppe.org.pe\/portal\/wp-json\/wp\/v2\/posts"}],"about":[{"href":"https:\/\/cppe.org.pe\/portal\/wp-json\/wp\/v2\/types\/post"}],"author":[{"embeddable":true,"href":"https:\/\/cppe.org.pe\/portal\/wp-json\/wp\/v2\/users\/3"}],"replies":[{"embeddable":true,"href":"https:\/\/cppe.org.pe\/portal\/wp-json\/wp\/v2\/comments?post=2276"}],"version-history":[{"count":1,"href":"https:\/\/cppe.org.pe\/portal\/wp-json\/wp\/v2\/posts\/2276\/revisions"}],"predecessor-version":[{"id":5925,"href":"https:\/\/cppe.org.pe\/portal\/wp-json\/wp\/v2\/posts\/2276\/revisions\/5925"}],"wp:featuredmedia":[{"embeddable":true,"href":"https:\/\/cppe.org.pe\/portal\/wp-json\/wp\/v2\/media\/2277"}],"wp:attachment":[{"href":"https:\/\/cppe.org.pe\/portal\/wp-json\/wp\/v2\/media?parent=2276"}],"wp:term":[{"taxonomy":"category","embeddable":true,"href":"https:\/\/cppe.org.pe\/portal\/wp-json\/wp\/v2\/categories?post=2276"},{"taxonomy":"post_tag","embeddable":true,"href":"https:\/\/cppe.org.pe\/portal\/wp-json\/wp\/v2\/tags?post=2276"}],"curies":[{"name":"wp","href":"https:\/\/api.w.org\/{rel}","templated":true}]}}