{"id":2310,"date":"2017-07-12T16:24:00","date_gmt":"2017-07-12T16:24:00","guid":{"rendered":"http:\/\/cppe.org.pe\/?p=2310"},"modified":"2024-08-09T12:22:49","modified_gmt":"2024-08-09T17:22:49","slug":"2310-2","status":"publish","type":"post","link":"https:\/\/cppe.org.pe\/portal\/2310-2\/","title":{"rendered":"PRONUNCIAMIENTO SOBRE EL PARO NACIONAL DEL SUTEP"},"content":{"rendered":"<h2 style=\"text-align: center;\"><strong><u>PRONUNCIAMIENTO<\/u><\/strong><\/h2>\n<p>&nbsp;<\/p>\n<p style=\"text-align: justify;\">El SUTEP anuncia que va a realizar un PARO NACIONAL para el 13 de julio pr\u00f3ximo.<\/p>\n<p style=\"text-align: justify;\">Refieren que es una medida de lucha nacional, consultada a sus bases y decretada por su Asamblea Nacional de Delegados.<\/p>\n<p style=\"text-align: justify;\">Un sector importante de los docentes de la regi\u00f3n Cusco est\u00e1 en huelga indefinida. Otros grupos anuncian huelga indefinida.<\/p>\n<p style=\"text-align: justify;\">Nuestra Orden de los educadores profesionales tiene entre sus fines la defensa de los derechos y reivindicaciones de los profesores del Per\u00fa.<\/p>\n<p style=\"text-align: justify;\">Aun cuando el SUTEP es la \u00fanica organizaci\u00f3n gremial nacional reconocida oficialmente, sin duda con una abrumadora mayor\u00eda nacional, debemos reconocer que tambi\u00e9n las otras acciones parciales de grupos minoritarios y no reconocidos oficialmente, hacen de conjunto una expresi\u00f3n del descontento con las pol\u00edticas antimagisteriales y\u00a0 educativas de los diferentes gobiernos del continuismo neoliberal.<\/p>\n<p style=\"text-align: justify;\">La antimagisterial \u00abLey de Reforma Magisterial\u00bb 29944 ha demostrado, despu\u00e9s de cinco a\u00f1os de su promulgaci\u00f3n, que no ha sido la soluci\u00f3n para los principales problemas magisteriales ni menos ha significado una dignificaci\u00f3n de los educadores profesionales de nuestro pa\u00eds.<\/p>\n<p style=\"text-align: justify;\">Es de lamentar que en el magisterio act\u00faen fuerzas divisionistas, centr\u00edfugas. Compartimos, con la casi totalidad de los maestros, que tiene que fortalecerse la unidad gremial.<\/p>\n<p style=\"text-align: justify;\">Aun cuando no es funci\u00f3n del CPPe llamar a acciones de lucha directa y menos paralelizar a las organizaciones gremiales, estamos seguros que las masas magisteriales sabr\u00e1n orientar sus acciones de lucha en t\u00e9rminos de la unidad como fortaleza para defender los derechos y lograr las reivindicaciones.<\/p>\n<p style=\"text-align: justify;\">Para nuestra Orden el eje de las acciones de defensa de los maestros es la lucha por una nueva Ley del Profesorado y la consecuente derogatoria de la LRM 29944. Nueva Ley que debe aprobarse sobre la base del Anteproyecto que elabor\u00f3 el gremio magisterial y que el CPPe ha presentado ante el Congreso de la Rep\u00fablica.<\/p>\n<p>&nbsp;<\/p>\n<p style=\"text-align: center;\"><strong>GILBERTO RAYMUNDO MEZA AGUIRRE \u00a0 \u00a0 \u00a0 \u00a0 \u00a0 \u00a0 \u00a0 \u00a0ISABEL GLADYS PORTILLA R\u00cdOS<\/strong><\/p>\n<p style=\"text-align: center;\"><strong>\u00a0 \u00a0 \u00a0 \u00a0 \u00a0 \u00a0Decano Nacional del CPPe \u00a0 \u00a0 \u00a0 \u00a0 \u00a0 \u00a0 \u00a0 \u00a0 \u00a0 \u00a0 \u00a0 \u00a0 \u00a0 \u00a0 \u00a0 \u00a0 Directora Secretaria Nacional \u00a0<\/strong><\/p>\n<p style=\"text-align: center;\"><strong>CARLOS AUGUSTO RIVAS CAYCHO<\/strong><\/p>\n<p style=\"text-align: center;\"><strong>Director Nacional de Prensa Eventos y Publicaciones<\/strong><\/p>\n<p style=\"text-align: left;\"><strong>Descargar:\u00a0<a href=\"https:\/\/es.scribd.com\/document\/353596218\/PRONUNCIAMIENTO-SOBRE-EL-PARO-NACIONAL-DEL-SUTEP\" target=\"_blank\" rel=\"noopener noreferrer\">PRONUNCIAMIENTO SOBRE EL PARO NACIONAL DEL SUTEP<\/a><\/strong><\/p>\n<p style=\"text-align: left;\"><em><strong>S\u00edguenos en facebook:\u00a0<a href=\"https:\/\/www.facebook.com\/CPPeColegioDeProfesoresDelPeru\/\" target=\"_blank\" rel=\"noopener noreferrer\">https:\/\/www.facebook.com\/CPPeColegioDeProfesoresDelPeru\/<\/a><\/strong><\/em><\/p>\n","protected":false},"excerpt":{"rendered":"<p>PRONUNCIAMIENTO &nbsp; El SUTEP anuncia que va a realizar un PARO NACIONAL para el 13 de julio pr\u00f3ximo. Refieren que es una medida de lucha nacional, consultada a sus bases y decretada por su Asamblea Nacional de Delegados. Un sector importante de los docentes de la regi\u00f3n Cusco est\u00e1 en huelga indefinida. Otros grupos anuncian [&hellip;]<\/p>\n","protected":false},"author":3,"featured_media":2311,"comment_status":"open","ping_status":"open","sticky":false,"template":"","format":"standard","meta":{"_seopress_robots_primary_cat":"","_seopress_titles_title":"","_seopress_titles_desc":"","_seopress_robots_index":"","_et_pb_use_builder":"","_et_pb_old_content":"","_et_gb_content_width":"","footnotes":""},"categories":[21],"tags":[],"class_list":["post-2310","post","type-post","status-publish","format-standard","has-post-thumbnail","hentry","category-publicaciones"],"_links":{"self":[{"href":"https:\/\/cppe.org.pe\/portal\/wp-json\/wp\/v2\/posts\/2310","targetHints":{"allow":["GET"]}}],"collection":[{"href":"https:\/\/cppe.org.pe\/portal\/wp-json\/wp\/v2\/posts"}],"about":[{"href":"https:\/\/cppe.org.pe\/portal\/wp-json\/wp\/v2\/types\/post"}],"author":[{"embeddable":true,"href":"https:\/\/cppe.org.pe\/portal\/wp-json\/wp\/v2\/users\/3"}],"replies":[{"embeddable":true,"href":"https:\/\/cppe.org.pe\/portal\/wp-json\/wp\/v2\/comments?post=2310"}],"version-history":[{"count":1,"href":"https:\/\/cppe.org.pe\/portal\/wp-json\/wp\/v2\/posts\/2310\/revisions"}],"predecessor-version":[{"id":5920,"href":"https:\/\/cppe.org.pe\/portal\/wp-json\/wp\/v2\/posts\/2310\/revisions\/5920"}],"wp:featuredmedia":[{"embeddable":true,"href":"https:\/\/cppe.org.pe\/portal\/wp-json\/wp\/v2\/media\/2311"}],"wp:attachment":[{"href":"https:\/\/cppe.org.pe\/portal\/wp-json\/wp\/v2\/media?parent=2310"}],"wp:term":[{"taxonomy":"category","embeddable":true,"href":"https:\/\/cppe.org.pe\/portal\/wp-json\/wp\/v2\/categories?post=2310"},{"taxonomy":"post_tag","embeddable":true,"href":"https:\/\/cppe.org.pe\/portal\/wp-json\/wp\/v2\/tags?post=2310"}],"curies":[{"name":"wp","href":"https:\/\/api.w.org\/{rel}","templated":true}]}}