{"id":2326,"date":"2017-07-21T16:23:49","date_gmt":"2017-07-21T16:23:49","guid":{"rendered":"http:\/\/cppe.org.pe\/?p=2326"},"modified":"2024-08-09T12:22:49","modified_gmt":"2024-08-09T17:22:49","slug":"ceremonia-por-el-dia-del-maestro-y-medalla-de-honor-cppe-2017","status":"publish","type":"post","link":"https:\/\/cppe.org.pe\/portal\/ceremonia-por-el-dia-del-maestro-y-medalla-de-honor-cppe-2017\/","title":{"rendered":"Ceremonia por el D\u00eda del Maestro y  Medalla de Honor CPPe 2017"},"content":{"rendered":"<blockquote>\n<h4 style=\"text-align: justify;\"><strong>El 15 de julio se realiz\u00f3 la Ceremonia por el D\u00eda del Maestro, en la I.E.E. Mercedes Cabello de Carbonera, en cuyo marco se impuso a Medalla de Honor CPPe a distinguidos maestros por su brillante trayectoria profesional y su invalorable aporte al desarrollo de la educaci\u00f3n y la cultura nacional.<\/strong><\/h4>\n<\/blockquote>\n<p>&nbsp;<\/p>\n<p style=\"text-align: center;\"><strong>EDUCADORES PROFESIONALES CALIFICADOS PARA OTORGAR LA MEDALLA DE HONOR DEL COLEGIO DE PROFESORES DEL PER\u00da<\/strong><\/p>\n<p><strong>Despu\u00e9s de una rigurosa calificaci\u00f3n por la Comisi\u00f3n Evaluadora constituida para ese efecto por la Junta Directiva Nacional y los educadores designados por la misma, se acord\u00f3 otorgar la Medalla de Honor del CPPe a los siguientes educadores: <\/strong><\/p>\n<ol>\n<li><strong> Luis Alberto Calder\u00f3n Albarrac\u00edn. <\/strong><\/li>\n<li><strong> Mariana Elizabeth Calder\u00f3n Cornejo. <\/strong><\/li>\n<li><strong> C\u00e9sar Augusto Carranza Saravia.<\/strong><\/li>\n<li><strong> Leandro Cuno Hancco.<\/strong><\/li>\n<li><strong> Carlos Huiman Espinoza.<\/strong><\/li>\n<li><strong> Teodoro Marcelo Ch\u00e1vez.<\/strong><\/li>\n<li><strong> Alberto Santiago Moya Obeso.<\/strong><\/li>\n<li><strong> Mar\u00eda del Pilar Paredes Cortez.<\/strong><\/li>\n<li><strong> Carlos Juan Rojas Galarza.<\/strong><\/li>\n<li><strong> Leonidas Silvano Re\u00e1tegui.<\/strong><\/li>\n<li><strong><strong> Juan Bienvenido V\u00e1squez Sifuentes.<\/strong><\/strong><\/li>\n<\/ol>\n<p style=\"text-align: left;\"><strong>\u00a0<\/strong><strong>\u00a0<\/strong><strong>MIEMBROS HONORARIOS <\/strong><\/p>\n<p style=\"text-align: left;\"><strong>\u00a0<\/strong><strong>\u00a0<\/strong><\/p>\n<ol>\n<li style=\"text-align: left;\"><strong>VICTOR NOLBERTO UNYEN VELEZMORO <\/strong><\/li>\n<li style=\"text-align: left;\"><strong>FEDERICO GARCIA HURTADO<\/strong><\/li>\n<\/ol>\n<p>&nbsp;<\/p>\n<p><strong>Ver \u00e1lbum completo<\/strong>:\u00a0<a href=\"https:\/\/www.facebook.com\/CPPeColegioDeProfesoresDelPeru\/posts\/1930491537209287\" target=\"_blank\" rel=\"noopener noreferrer\">https:\/\/www.facebook.com\/CPPeColegioDeProfesoresDelPeru\/posts\/<\/a><\/p>\n<p><img decoding=\"async\" src=\"https:\/\/scontent.flim5-2.fna.fbcdn.net\/v\/t31.0-8\/20116761_1930487103876397_4313713124607160877_o.jpg?oh=701673dbadb30e94c85bb1875fbc9558&amp;oe=59C47E7C\" alt=\"La imagen puede contener: 5 personas, personas de pie\" \/><\/p>\n<p><img decoding=\"async\" src=\"https:\/\/scontent.flim5-2.fna.fbcdn.net\/v\/t31.0-8\/20121505_1930487200543054_7070413465445556229_o.jpg?oh=8dada121acd8c2e088dd20d31ea5b6d2&amp;oe=5A06F112\" alt=\"La imagen puede contener: 10 personas, personas de pie\" \/><\/p>\n<p><img decoding=\"async\" src=\"https:\/\/scontent.flim5-2.fna.fbcdn.net\/v\/t31.0-8\/20045639_1930487283876379_669679388489149997_o.jpg?oh=b378f5f56ef0f80e50a9c31e057156b0&amp;oe=5A04A3A6\" alt=\"La imagen puede contener: 12 personas, personas sonriendo, personas de pie y traje\" \/><\/p>\n<p><img decoding=\"async\" src=\"https:\/\/scontent.flim5-2.fna.fbcdn.net\/v\/t31.0-8\/20232812_1930491450542629_1664886963353984720_o.jpg?oh=567d121dd14160d0570c531625c44e47&amp;oe=5A0FE2F9\" alt=\"La imagen puede contener: 6 personas, personas de pie\" \/><\/p>\n<p>&nbsp;<\/p>\n<p>&nbsp;<\/p>\n<p><em><strong>S\u00edguenos en facebook:\u00a0<a href=\"https:\/\/www.facebook.com\/CPPeColegioDeProfesoresDelPeru\/\" target=\"_blank\" rel=\"noopener noreferrer\">https:\/\/www.facebook.com\/CPPeColegioDeProfesoresDelPeru\/<\/a><\/strong><\/em><\/p>\n<div class=\"addthis_toolbox addthis_default_style addthis_32x32_style\"><\/div>\n","protected":false},"excerpt":{"rendered":"<p>El 15 de julio se realiz\u00f3 la Ceremonia por el D\u00eda del Maestro, en la I.E.E. Mercedes Cabello de Carbonera, en cuyo marco se impuso a Medalla de Honor CPPe a distinguidos maestros por su brillante trayectoria profesional y su invalorable aporte al desarrollo de la educaci\u00f3n y la cultura nacional. &nbsp; EDUCADORES PROFESIONALES CALIFICADOS [&hellip;]<\/p>\n","protected":false},"author":3,"featured_media":2327,"comment_status":"open","ping_status":"open","sticky":false,"template":"","format":"standard","meta":{"_seopress_robots_primary_cat":"","_seopress_titles_title":"","_seopress_titles_desc":"","_seopress_robots_index":"","_et_pb_use_builder":"","_et_pb_old_content":"","_et_gb_content_width":"","footnotes":""},"categories":[21],"tags":[],"class_list":["post-2326","post","type-post","status-publish","format-standard","has-post-thumbnail","hentry","category-publicaciones"],"_links":{"self":[{"href":"https:\/\/cppe.org.pe\/portal\/wp-json\/wp\/v2\/posts\/2326","targetHints":{"allow":["GET"]}}],"collection":[{"href":"https:\/\/cppe.org.pe\/portal\/wp-json\/wp\/v2\/posts"}],"about":[{"href":"https:\/\/cppe.org.pe\/portal\/wp-json\/wp\/v2\/types\/post"}],"author":[{"embeddable":true,"href":"https:\/\/cppe.org.pe\/portal\/wp-json\/wp\/v2\/users\/3"}],"replies":[{"embeddable":true,"href":"https:\/\/cppe.org.pe\/portal\/wp-json\/wp\/v2\/comments?post=2326"}],"version-history":[{"count":1,"href":"https:\/\/cppe.org.pe\/portal\/wp-json\/wp\/v2\/posts\/2326\/revisions"}],"predecessor-version":[{"id":5918,"href":"https:\/\/cppe.org.pe\/portal\/wp-json\/wp\/v2\/posts\/2326\/revisions\/5918"}],"wp:featuredmedia":[{"embeddable":true,"href":"https:\/\/cppe.org.pe\/portal\/wp-json\/wp\/v2\/media\/2327"}],"wp:attachment":[{"href":"https:\/\/cppe.org.pe\/portal\/wp-json\/wp\/v2\/media?parent=2326"}],"wp:term":[{"taxonomy":"category","embeddable":true,"href":"https:\/\/cppe.org.pe\/portal\/wp-json\/wp\/v2\/categories?post=2326"},{"taxonomy":"post_tag","embeddable":true,"href":"https:\/\/cppe.org.pe\/portal\/wp-json\/wp\/v2\/tags?post=2326"}],"curies":[{"name":"wp","href":"https:\/\/api.w.org\/{rel}","templated":true}]}}