{"id":2334,"date":"2017-07-21T18:30:55","date_gmt":"2017-07-21T18:30:55","guid":{"rendered":"http:\/\/cppe.org.pe\/?p=2334"},"modified":"2024-08-09T12:22:49","modified_gmt":"2024-08-09T17:22:49","slug":"campana-oftalmologica-integral","status":"publish","type":"post","link":"https:\/\/cppe.org.pe\/portal\/campana-oftalmologica-integral\/","title":{"rendered":"CAMPA\u00d1A OFTALMOL\u00d3GICA INTEGRAL &#8211; S\u00e1bado 05 de agosto"},"content":{"rendered":"<div><a class=\"m_6482285639616502119_58cn\" href=\"https:\/\/www.facebook.com\/hashtag\/cppe\" target=\"_blank\" rel=\"noopener noreferrer\" data-saferedirecturl=\"https:\/\/www.google.com\/url?hl=es&amp;q=https:\/\/www.facebook.com\/hashtag\/cppe&amp;source=gmail&amp;ust=1500747329304000&amp;usg=AFQjCNHGuNASPr3bC8_5SPJbLicQ5RTakg\">#CPPe<\/a>\u00a0<a class=\"m_6482285639616502119_58cn\" href=\"https:\/\/www.facebook.com\/hashtag\/cl%C3%ADnicadeojos%C3%B1ahui\" target=\"_blank\" rel=\"noopener noreferrer\" data-saferedirecturl=\"https:\/\/www.google.com\/url?hl=es&amp;q=https:\/\/www.facebook.com\/hashtag\/cl%25C3%25ADnicadeojos%25C3%25B1ahui&amp;source=gmail&amp;ust=1500747329304000&amp;usg=AFQjCNE5vc43MYU-AQhijY49tQXSNCWA7g\">#Cl\u00ednicaDeOjos\u00d1AHUI<\/a><\/div>\n<div><\/div>\n<h3><b>D\u00eda:<\/b>\u00a0S\u00e1bado 05 de agosto de 2017.<span class=\"m_6482285639616502119text_exposed_show\"><span class=\"m_6482285639616502119text_exposed_show\"><span style=\"font-size: large;\"><br \/>\n<b>Hora:<\/b>\u00a0De 9:00 a.m. a 1:00 p.m.<br \/>\n<b>Costo:<\/b>\u00a0S\/ 5.00<\/span><\/span><\/span><\/h3>\n<h3><\/h3>\n<h3><span style=\"font-size: large;\"><b>Te esperamos en Jr. Rufino Torrico N\u00b0 889, oficina 301 &#8211; Cercado de Lima.<\/b><\/span><\/h3>\n<div>\n<p><span class=\"m_6482285639616502119text_exposed_show\"><span style=\"font-size: large;\"><span style=\"color: #1d2129; font-family: Helvetica, Arial, sans-serif;\"><i>Ub\u00edcanos<\/i>:\u00a0<a href=\"https:\/\/goo.gl\/maps\/Tr2acDvijND2\" target=\"_blank\" rel=\"noopener noreferrer\" data-saferedirecturl=\"https:\/\/www.google.com\/url?hl=es&amp;q=https:\/\/goo.gl\/maps\/Tr2acDvijND2&amp;source=gmail&amp;ust=1500747329304000&amp;usg=AFQjCNEk1EurLsuTir-JgLR0zx8_9YKJBQ\">https:\/\/goo.gl\/maps\/<wbr \/>Tr2acDvijND2<\/a><\/span><\/span><\/span><\/p>\n<p><span style=\"color: #1d2129; font-family: Helvetica, Arial, sans-serif;\">\u00a1El CPPe al servicio del magisterio nacional!<\/span><\/p>\n<\/div>\n<p><img decoding=\"async\" class=\"CToWUd a6T\" tabindex=\"0\" src=\"https:\/\/ci3.googleusercontent.com\/proxy\/ZFwRovw5WMjDe-KfGhV8sUTETK_7gUTykyx2bj0J2IL-e2Wl0yPLXkpPf9K8aTolLcpyjAu5_X963nX_OxWl8XCfxDO98818oYkbxyPlz3qIo5kvgDO5gJt6HClkxipjKe-Kn52tvc9A6gnYlOtE3j86pYWgs8DqPr7E4lKsQBykK2aSjiyk8beDID6mTcqULCBHavW-h6gZZsFT1rjZG7n842Wy2EW9uAQ=s0-d-e1-ft#https:\/\/scontent.flim5-2.fna.fbcdn.net\/v\/t1.0-9\/20106286_1929919330599841_8579919454195844422_n.jpg?oh=285422a7137102abc104e6d36a6ea6a8&amp;oe=59F03EC6\" alt=\"La imagen puede contener: 1 persona, texto\" \/><\/p>\n<p>&nbsp;<\/p>\n<p><em><strong>S\u00edguenos en facebook:\u00a0<a href=\"https:\/\/www.facebook.com\/CPPeColegioDeProfesoresDelPeru\/\" target=\"_blank\" rel=\"noopener noreferrer\">https:\/\/www.facebook.com\/CPPeColegioDeProfesoresDelPeru\/<\/a><\/strong><\/em><\/p>\n","protected":false},"excerpt":{"rendered":"<p>#CPPe\u00a0#Cl\u00ednicaDeOjos\u00d1AHUI D\u00eda:\u00a0S\u00e1bado 05 de agosto de 2017. Hora:\u00a0De 9:00 a.m. a 1:00 p.m. Costo:\u00a0S\/ 5.00 Te esperamos en Jr. Rufino Torrico N\u00b0 889, oficina 301 &#8211; Cercado de Lima. Ub\u00edcanos:\u00a0https:\/\/goo.gl\/maps\/Tr2acDvijND2 \u00a1El CPPe al servicio del magisterio nacional! &nbsp; S\u00edguenos en facebook:\u00a0https:\/\/www.facebook.com\/CPPeColegioDeProfesoresDelPeru\/<\/p>\n","protected":false},"author":3,"featured_media":0,"comment_status":"open","ping_status":"open","sticky":false,"template":"","format":"standard","meta":{"_seopress_robots_primary_cat":"","_seopress_titles_title":"","_seopress_titles_desc":"","_seopress_robots_index":"","_et_pb_use_builder":"","_et_pb_old_content":"","_et_gb_content_width":"","footnotes":""},"categories":[21],"tags":[],"class_list":["post-2334","post","type-post","status-publish","format-standard","hentry","category-publicaciones"],"_links":{"self":[{"href":"https:\/\/cppe.org.pe\/portal\/wp-json\/wp\/v2\/posts\/2334","targetHints":{"allow":["GET"]}}],"collection":[{"href":"https:\/\/cppe.org.pe\/portal\/wp-json\/wp\/v2\/posts"}],"about":[{"href":"https:\/\/cppe.org.pe\/portal\/wp-json\/wp\/v2\/types\/post"}],"author":[{"embeddable":true,"href":"https:\/\/cppe.org.pe\/portal\/wp-json\/wp\/v2\/users\/3"}],"replies":[{"embeddable":true,"href":"https:\/\/cppe.org.pe\/portal\/wp-json\/wp\/v2\/comments?post=2334"}],"version-history":[{"count":1,"href":"https:\/\/cppe.org.pe\/portal\/wp-json\/wp\/v2\/posts\/2334\/revisions"}],"predecessor-version":[{"id":5917,"href":"https:\/\/cppe.org.pe\/portal\/wp-json\/wp\/v2\/posts\/2334\/revisions\/5917"}],"wp:attachment":[{"href":"https:\/\/cppe.org.pe\/portal\/wp-json\/wp\/v2\/media?parent=2334"}],"wp:term":[{"taxonomy":"category","embeddable":true,"href":"https:\/\/cppe.org.pe\/portal\/wp-json\/wp\/v2\/categories?post=2334"},{"taxonomy":"post_tag","embeddable":true,"href":"https:\/\/cppe.org.pe\/portal\/wp-json\/wp\/v2\/tags?post=2334"}],"curies":[{"name":"wp","href":"https:\/\/api.w.org\/{rel}","templated":true}]}}