{"id":2475,"date":"2018-02-14T21:26:17","date_gmt":"2018-02-14T21:26:17","guid":{"rendered":"http:\/\/cppe.org.pe\/?p=2475"},"modified":"2024-08-09T12:22:47","modified_gmt":"2024-08-09T17:22:47","slug":"clausura-del-i-curso-de-actualizacion-pedagogica-2018","status":"publish","type":"post","link":"https:\/\/cppe.org.pe\/portal\/clausura-del-i-curso-de-actualizacion-pedagogica-2018\/","title":{"rendered":"CLAUSURA DEL I CURSO DE ACTUALIZACI\u00d3N PEDAG\u00d3GICA 2018."},"content":{"rendered":"<p style=\"text-align: justify;\">El lunes 12 de febrero culminamos el I Curso de Actualizaci\u00f3n Pedag\u00f3gica 2018, tuvimos la participaci\u00f3n del Mg. Martin Alama S, quien desarroll\u00f3 el tema de las Inteligencias M\u00faltiples. Se realiz\u00f3 la clausura del evento con la entrega de los certificados, se agradeci\u00f3 a los participantes por la confianza depositada en el Colegio de Profesores del Per\u00fa y se les felicit\u00f3 por su continua formaci\u00f3n Pedag\u00f3gica en beneficio de nuestros estudiantes.<\/p>\n<p style=\"text-align: justify;\">Tambi\u00e9n anunciamos la realizaci\u00f3n del II Curso de Actualizaci\u00f3n Pedag\u00f3gica que se iniciar\u00e1 el d\u00eda lunes 19 de febrero, los esperamos. Informes: 423 8595 &#8211; 977281614 &#8211; 945759960.<\/p>\n<p>&nbsp;<\/p>\n<p><strong>VER \u00c1LBUM DE FOTOS:<\/strong>\u00a0<a href=\"https:\/\/goo.gl\/sEqBUz\" target=\"_blank\" rel=\"noopener\">https:\/\/goo.gl\/sEqBUz<\/a><\/p>\n<p><img decoding=\"async\" src=\"https:\/\/scontent.flim5-4.fna.fbcdn.net\/v\/t31.0-8\/27907525_2025642707694169_7226711930194914481_o.jpg?oh=b319e4480193c800856502d3585e46f0&amp;oe=5B1FD1F5\" alt=\"La imagen puede contener: una o varias personas, personas sentadas e interior\" \/><\/p>\n<p>&nbsp;<\/p>\n<p>&nbsp;<\/p>\n","protected":false},"excerpt":{"rendered":"<p>El lunes 12 de febrero culminamos el I Curso de Actualizaci\u00f3n Pedag\u00f3gica 2018, tuvimos la participaci\u00f3n del Mg. Martin Alama S, quien desarroll\u00f3 el tema de las Inteligencias M\u00faltiples. Se realiz\u00f3 la clausura del evento con la entrega de los certificados, se agradeci\u00f3 a los participantes por la confianza depositada en el Colegio de Profesores [&hellip;]<\/p>\n","protected":false},"author":3,"featured_media":2476,"comment_status":"open","ping_status":"open","sticky":false,"template":"","format":"standard","meta":{"_seopress_robots_primary_cat":"","_seopress_titles_title":"","_seopress_titles_desc":"","_seopress_robots_index":"","_et_pb_use_builder":"","_et_pb_old_content":"","_et_gb_content_width":"","footnotes":""},"categories":[21],"tags":[],"class_list":["post-2475","post","type-post","status-publish","format-standard","has-post-thumbnail","hentry","category-publicaciones"],"_links":{"self":[{"href":"https:\/\/cppe.org.pe\/portal\/wp-json\/wp\/v2\/posts\/2475","targetHints":{"allow":["GET"]}}],"collection":[{"href":"https:\/\/cppe.org.pe\/portal\/wp-json\/wp\/v2\/posts"}],"about":[{"href":"https:\/\/cppe.org.pe\/portal\/wp-json\/wp\/v2\/types\/post"}],"author":[{"embeddable":true,"href":"https:\/\/cppe.org.pe\/portal\/wp-json\/wp\/v2\/users\/3"}],"replies":[{"embeddable":true,"href":"https:\/\/cppe.org.pe\/portal\/wp-json\/wp\/v2\/comments?post=2475"}],"version-history":[{"count":1,"href":"https:\/\/cppe.org.pe\/portal\/wp-json\/wp\/v2\/posts\/2475\/revisions"}],"predecessor-version":[{"id":5895,"href":"https:\/\/cppe.org.pe\/portal\/wp-json\/wp\/v2\/posts\/2475\/revisions\/5895"}],"wp:featuredmedia":[{"embeddable":true,"href":"https:\/\/cppe.org.pe\/portal\/wp-json\/wp\/v2\/media\/2476"}],"wp:attachment":[{"href":"https:\/\/cppe.org.pe\/portal\/wp-json\/wp\/v2\/media?parent=2475"}],"wp:term":[{"taxonomy":"category","embeddable":true,"href":"https:\/\/cppe.org.pe\/portal\/wp-json\/wp\/v2\/categories?post=2475"},{"taxonomy":"post_tag","embeddable":true,"href":"https:\/\/cppe.org.pe\/portal\/wp-json\/wp\/v2\/tags?post=2475"}],"curies":[{"name":"wp","href":"https:\/\/api.w.org\/{rel}","templated":true}]}}