{"id":2516,"date":"2018-03-13T23:16:33","date_gmt":"2018-03-13T23:16:33","guid":{"rendered":"http:\/\/cppe.org.pe\/?p=2516"},"modified":"2024-08-09T12:22:46","modified_gmt":"2024-08-09T17:22:46","slug":"pronunciamiento-por-el-inicio-del-buen-ano-escolar-2018","status":"publish","type":"post","link":"https:\/\/cppe.org.pe\/portal\/pronunciamiento-por-el-inicio-del-buen-ano-escolar-2018\/","title":{"rendered":"PRONUNCIAMIENTO POR EL INICIO DEL BUEN A\u00d1O ESCOLAR 2018"},"content":{"rendered":"<blockquote>\n<h2><strong>QUE EL A\u00d1O ESCOLAR 2018 NOS PERMITA AVANZAR HACIA <\/strong><strong>UNA EDUCACI\u00d3N DE CALIDAD PARA TODOS<\/strong><\/h2>\n<\/blockquote>\n<h4 style=\"text-align: justify;\">El A\u00f1o Escolar 2018 se inicia en el marco de un pa\u00eds que no termina de sorprenderse sobre los altos niveles de corrupci\u00f3n en los que est\u00e1n comprometidos los \u00faltimos presidentes y candidatos a presidentes. La continuidad en el cargo del propio presidente de la rep\u00fablica hoy est\u00e1 en manos de los congresistas.<\/h4>\n<h4 style=\"text-align: justify;\">Cada inicio del a\u00f1o escolar sale a luz el abandono en el que se encuentran las escuelas por parte del Estado y la reiterada promesa de los ministros de educaci\u00f3n y los gobernantes de acortar la inmensa brecha de infraestructura existente, por lo menos.<\/h4>\n<h4 style=\"text-align: justify;\">Sigue pendiente la discusi\u00f3n sobre la construcci\u00f3n del curr\u00edculo nacional con la\u00a0 participaci\u00f3n democr\u00e1tica de los maestros y la sociedad, entre otras tareas que los maestros debemos poner atenci\u00f3n.<\/h4>\n<h4 style=\"text-align: justify;\">Convertir la educaci\u00f3n en el motor del desarrollo del pa\u00eds, debe ser un objetivo en el que debemos poner nuestros esfuerzos a mediano y largo plazo. Tenemos todas las condiciones para ser un pa\u00eds pr\u00f3spero, desarrollado e industrializado; una rica tradici\u00f3n de creaci\u00f3n cient\u00edfica y tecnol\u00f3gica y recursos naturales diversos y abundantes.<\/h4>\n<h4 style=\"text-align: justify;\">Apreciados maestros, educadores profesionales, iniciemos el a\u00f1o escolar con la convicci\u00f3n de que, m\u00e1s all\u00e1 de las dificultades y carencias, el objetivo principal de nuestro trabajo son los estudiantes; dediquemos a ellos nuestros mayores y mejores esfuerzos, sin dejar de reclamar al Estado la mejor atenci\u00f3n de la educaci\u00f3n y de las condiciones econ\u00f3micas y de trabajo de los maestros.<\/h4>\n<h4><\/h4>\n<h4 style=\"text-align: center;\"><strong>Mg. Gilberto R. Meza Aguirre<\/strong><\/h4>\n<h4 style=\"text-align: center;\"><strong>DECANO NACIONAL CPPe.<\/strong><\/h4>\n<p>&nbsp;<\/p>\n<p><strong>Descargar:<\/strong> <a href=\"https:\/\/goo.gl\/pGrT9q\" target=\"_blank\" rel=\"noopener\">PRONUNCIAMIENTO POR EL INICIO DEL A\u00d1O ESCOLAR 2018<\/a><\/p>\n","protected":false},"excerpt":{"rendered":"<p>QUE EL A\u00d1O ESCOLAR 2018 NOS PERMITA AVANZAR HACIA UNA EDUCACI\u00d3N DE CALIDAD PARA TODOS El A\u00f1o Escolar 2018 se inicia en el marco de un pa\u00eds que no termina de sorprenderse sobre los altos niveles de corrupci\u00f3n en los que est\u00e1n comprometidos los \u00faltimos presidentes y candidatos a presidentes. La continuidad en el cargo [&hellip;]<\/p>\n","protected":false},"author":3,"featured_media":2518,"comment_status":"open","ping_status":"open","sticky":false,"template":"","format":"standard","meta":{"_seopress_robots_primary_cat":"","_seopress_titles_title":"","_seopress_titles_desc":"","_seopress_robots_index":"","_et_pb_use_builder":"","_et_pb_old_content":"","_et_gb_content_width":"","footnotes":""},"categories":[21],"tags":[],"class_list":["post-2516","post","type-post","status-publish","format-standard","has-post-thumbnail","hentry","category-publicaciones"],"_links":{"self":[{"href":"https:\/\/cppe.org.pe\/portal\/wp-json\/wp\/v2\/posts\/2516","targetHints":{"allow":["GET"]}}],"collection":[{"href":"https:\/\/cppe.org.pe\/portal\/wp-json\/wp\/v2\/posts"}],"about":[{"href":"https:\/\/cppe.org.pe\/portal\/wp-json\/wp\/v2\/types\/post"}],"author":[{"embeddable":true,"href":"https:\/\/cppe.org.pe\/portal\/wp-json\/wp\/v2\/users\/3"}],"replies":[{"embeddable":true,"href":"https:\/\/cppe.org.pe\/portal\/wp-json\/wp\/v2\/comments?post=2516"}],"version-history":[{"count":1,"href":"https:\/\/cppe.org.pe\/portal\/wp-json\/wp\/v2\/posts\/2516\/revisions"}],"predecessor-version":[{"id":5891,"href":"https:\/\/cppe.org.pe\/portal\/wp-json\/wp\/v2\/posts\/2516\/revisions\/5891"}],"wp:featuredmedia":[{"embeddable":true,"href":"https:\/\/cppe.org.pe\/portal\/wp-json\/wp\/v2\/media\/2518"}],"wp:attachment":[{"href":"https:\/\/cppe.org.pe\/portal\/wp-json\/wp\/v2\/media?parent=2516"}],"wp:term":[{"taxonomy":"category","embeddable":true,"href":"https:\/\/cppe.org.pe\/portal\/wp-json\/wp\/v2\/categories?post=2516"},{"taxonomy":"post_tag","embeddable":true,"href":"https:\/\/cppe.org.pe\/portal\/wp-json\/wp\/v2\/tags?post=2516"}],"curies":[{"name":"wp","href":"https:\/\/api.w.org\/{rel}","templated":true}]}}