{"id":2522,"date":"2018-03-21T18:41:13","date_gmt":"2018-03-21T18:41:13","guid":{"rendered":"http:\/\/cppe.org.pe\/?p=2522"},"modified":"2024-08-09T12:22:46","modified_gmt":"2024-08-09T17:22:46","slug":"pronunciamiento-frente-a-la-grave-crisis-politica-moral-y-educativa-de-nuestra-patria-y-nuestra-sociedad","status":"publish","type":"post","link":"https:\/\/cppe.org.pe\/portal\/pronunciamiento-frente-a-la-grave-crisis-politica-moral-y-educativa-de-nuestra-patria-y-nuestra-sociedad\/","title":{"rendered":"PRONUNCIAMIENTO &#8211; FRENTE A LA GRAVE CRISIS POL\u00cdTICA, MORAL Y EDUCATIVA DE NUESTRA PATRIA Y NUESTRA SOCIEDAD."},"content":{"rendered":"<p>&nbsp;<\/p>\n<h3 style=\"text-align: center;\"><strong>PRONUNCIAMIENTO<\/strong><\/h3>\n<p>&nbsp;<\/p>\n<p style=\"text-align: justify;\">Ante los graves hechos acontecidos ayer en el marco del proceso de vacancia del Presidente Dr. Pedro Pablo Kuczynski Godard, el CPPe se pronuncia en los t\u00e9rminos siguientes:<\/p>\n<p style=\"text-align: justify;\">La educaci\u00f3n no se reduce solamente a las aulas. Gran parte de la formaci\u00f3n (o deformaci\u00f3n) educativa de los ciudadanos, en la conciencia c\u00edvica y patri\u00f3tica as\u00ed como en valores y actitudes \u00e9ticos, se da desde la conducta de los pol\u00edticos y gobernantes. Lamentablemente, en la situaci\u00f3n generalizada de corrupci\u00f3n que vive nuestra patria, en t\u00e9rminos de contribuci\u00f3n a la educaci\u00f3n, el comportamiento de nuestra clase pol\u00edtica, salvo honrosas excepciones, en nada favorece al proceso educativo de nuestros alumnos y de los ciudadanos.<\/p>\n<p style=\"text-align: justify;\">La publicaci\u00f3n de v\u00eddeos con graves muestras de corrupci\u00f3n, en \u201cdefensa del Presidente\u201d, en la compra-corrupci\u00f3n de congresistas ante el proceso de vacancia, nos retrotrae a lo sucedido durante el gobierno de Alberto Kenya Fujimori Fujimori y en el comportamiento de sus sucesores. En el marco del continuismo neoliberal.<\/p>\n<p style=\"text-align: justify;\">A los maestros, educadores profesionales, nos causa profunda indignaci\u00f3n y repudio estas expresiones de corrupci\u00f3n las que, por responsabilidad de los pol\u00edticos y gobernantes de turno, contribuyen a que la \u201csociedad educadora\u201d (peruana) quede totalmente desprestigiada. Lo que, por supuesto, nos causa gran verg\u00fcenza ajena.<\/p>\n<p style=\"text-align: justify;\">Son los partidos pol\u00edticos, as\u00ed como el pueblo organizado, los que tienen que tomar las acciones y decisiones para superar este dram\u00e1tico y vergonzoso trance para nuestra patria, sociedad, as\u00ed como para la democracia actual.<\/p>\n<p style=\"text-align: justify;\">En lo que nos toca como maestros, en aras de rescatar en algo el rol educador de los dirigentes pol\u00edticos, gobernantes y representantes, nos pronunciamos porque el Presidente, Dr. Pedro Pablo Kuczynski Godard renuncie de inmediato o, en su defecto, el Congreso vote por la vacancia.<\/p>\n<p style=\"text-align: justify;\">Sin duda, esta situaci\u00f3n de corrupci\u00f3n y sus nefastas consecuencias en la educaci\u00f3n de nuestros alumnos y la ciudadan\u00eda solo puede tener una soluci\u00f3n \u00f3ptima en la convocatoria inmediata a elecciones generales acompa\u00f1ada de ejemplarizadoras, y por eso educativas, sanciones a los corruptos.<\/p>\n<p style=\"text-align: justify;\">Por una sociedad realmente educadora, justa y democr\u00e1tica.<\/p>\n<p style=\"text-align: justify;\">Por la Regeneraci\u00f3n Moral de nuestra Patria.<\/p>\n<p style=\"text-align: justify;\"><strong>La Junta Directiva Nacional del Colegio de Profesores del Per\u00fa.<\/strong><\/p>\n<p><strong>\u00a0<\/strong><\/p>\n<p style=\"text-align: center;\"><strong>\u00a0\u00a0\u00a0\u00a0 Mg. Gilberto Raymundo Meza Aguirre\u00a0\u00a0\u00a0\u00a0\u00a0\u00a0\u00a0\u00a0\u00a0\u00a0\u00a0\u00a0\u00a0\u00a0\u00a0\u00a0\u00a0\u00a0\u00a0\u00a0\u00a0\u00a0\u00a0 Lic. Isabel Gladys Portilla R\u00edos<\/strong><\/p>\n<p style=\"text-align: center;\"><strong>\u00a0\u00a0\u00a0\u00a0\u00a0\u00a0\u00a0\u00a0\u00a0\u00a0\u00a0 Decano Nacional del CPPe.\u00a0\u00a0\u00a0\u00a0\u00a0\u00a0\u00a0\u00a0\u00a0\u00a0\u00a0\u00a0\u00a0\u00a0\u00a0\u00a0\u00a0\u00a0\u00a0\u00a0\u00a0\u00a0\u00a0\u00a0\u00a0\u00a0\u00a0\u00a0\u00a0\u00a0\u00a0\u00a0\u00a0 Directora Secretaria Nacional.<\/strong><\/p>\n<p>&nbsp;<\/p>\n<p style=\"text-align: center;\"><strong>\u00a0<\/strong><strong>Lic. Carlos Augusto Rivas Caycho<\/strong><\/p>\n<p style=\"text-align: center;\"><strong>Director Nacional de Prensa, Eventos y Publicaciones<\/strong><\/p>\n<p>&nbsp;<\/p>\n<p><strong><em>Descargar:<\/em>\u00a0\u00a0<a href=\"https:\/\/cppe.net.pe\/portal\/wp-content\/uploads\/2018\/03\/Pronunciamiento-CPPe-sobre-renuncia-presidencial.pdf\" target=\"_blank\" rel=\"noopener\">PRONUNCIAMIENTO CPPe <\/a><\/strong><\/p>\n","protected":false},"excerpt":{"rendered":"<p>&nbsp; PRONUNCIAMIENTO &nbsp; Ante los graves hechos acontecidos ayer en el marco del proceso de vacancia del Presidente Dr. Pedro Pablo Kuczynski Godard, el CPPe se pronuncia en los t\u00e9rminos siguientes: La educaci\u00f3n no se reduce solamente a las aulas. Gran parte de la formaci\u00f3n (o deformaci\u00f3n) educativa de los ciudadanos, en la conciencia c\u00edvica [&hellip;]<\/p>\n","protected":false},"author":3,"featured_media":2524,"comment_status":"open","ping_status":"open","sticky":false,"template":"","format":"standard","meta":{"_seopress_robots_primary_cat":"","_seopress_titles_title":"","_seopress_titles_desc":"","_seopress_robots_index":"","_et_pb_use_builder":"","_et_pb_old_content":"","_et_gb_content_width":"","footnotes":""},"categories":[21],"tags":[],"class_list":["post-2522","post","type-post","status-publish","format-standard","has-post-thumbnail","hentry","category-publicaciones"],"_links":{"self":[{"href":"https:\/\/cppe.org.pe\/portal\/wp-json\/wp\/v2\/posts\/2522","targetHints":{"allow":["GET"]}}],"collection":[{"href":"https:\/\/cppe.org.pe\/portal\/wp-json\/wp\/v2\/posts"}],"about":[{"href":"https:\/\/cppe.org.pe\/portal\/wp-json\/wp\/v2\/types\/post"}],"author":[{"embeddable":true,"href":"https:\/\/cppe.org.pe\/portal\/wp-json\/wp\/v2\/users\/3"}],"replies":[{"embeddable":true,"href":"https:\/\/cppe.org.pe\/portal\/wp-json\/wp\/v2\/comments?post=2522"}],"version-history":[{"count":1,"href":"https:\/\/cppe.org.pe\/portal\/wp-json\/wp\/v2\/posts\/2522\/revisions"}],"predecessor-version":[{"id":5890,"href":"https:\/\/cppe.org.pe\/portal\/wp-json\/wp\/v2\/posts\/2522\/revisions\/5890"}],"wp:featuredmedia":[{"embeddable":true,"href":"https:\/\/cppe.org.pe\/portal\/wp-json\/wp\/v2\/media\/2524"}],"wp:attachment":[{"href":"https:\/\/cppe.org.pe\/portal\/wp-json\/wp\/v2\/media?parent=2522"}],"wp:term":[{"taxonomy":"category","embeddable":true,"href":"https:\/\/cppe.org.pe\/portal\/wp-json\/wp\/v2\/categories?post=2522"},{"taxonomy":"post_tag","embeddable":true,"href":"https:\/\/cppe.org.pe\/portal\/wp-json\/wp\/v2\/tags?post=2522"}],"curies":[{"name":"wp","href":"https:\/\/api.w.org\/{rel}","templated":true}]}}