{"id":2562,"date":"2018-05-18T22:15:40","date_gmt":"2018-05-18T22:15:40","guid":{"rendered":"http:\/\/cppe.org.pe\/?p=2562"},"modified":"2024-08-09T12:22:45","modified_gmt":"2024-08-09T17:22:45","slug":"comunicado-sobre-postergacion-de-elecciones-regionales","status":"publish","type":"post","link":"https:\/\/cppe.org.pe\/portal\/comunicado-sobre-postergacion-de-elecciones-regionales\/","title":{"rendered":"COMUNICADO SOBRE POSTERGACI\u00d3N DE ELECCIONES REGIONALES."},"content":{"rendered":"<h2 style=\"text-align: center;\"><strong><u>COMUNICADO<\/u><\/strong><\/h2>\n<p style=\"text-align: justify;\">La Junta Directiva Nacional del CPPe en reuni\u00f3n realizada el 04 de mayo, luego de hacer una evaluaci\u00f3n seria y objetiva sobre la realizaci\u00f3n de las elecciones complementarias para renovar las Juntas Directivas en ocho Filiales Regionales del pa\u00eds, previstas para el 20 de mayo de 2018; y, en uso de sus atribuciones de acuerdo al Estatuto, aprobado por D.S. 017-2004-ED, <strong>acord\u00f3 aprobar la Resoluci\u00f3n N\u00b0 008-2018-JDN-CPPe, con la cual se posterga las elecciones en las Filiales Regionales de:<\/strong><\/p>\n<p style=\"text-align: justify;\"><strong>Hu\u00e1nuco, La Libertad, Lima Metropolitana, Madre de Dios, Pasco, Puno, Tacna y Ucayali, hasta el d\u00eda del Acto Eleccionario para la Renovaci\u00f3n de la Junta Directiva Nacional en Octubre de 2019. <\/strong><\/p>\n<p style=\"text-align: justify;\">En lo sucesivo habr\u00e1 una sola fecha de elecciones, tanto para la Renovaci\u00f3n de la Junta Directiva Nacional y las Juntas Directivas Regionales de todo el pa\u00eds.<\/p>\n<p>&nbsp;<\/p>\n<p style=\"text-align: right;\">Lima, 15 de mayo de 2018.<\/p>\n<p style=\"text-align: justify;\">\n<p>&nbsp;<\/p>\n<p style=\"text-align: center;\"><strong>\u00a0 \u00a0Gilberto R. Meza Aguirre\u00a0 \u00a0 \u00a0 \u00a0 \u00a0 \u00a0 \u00a0 \u00a0 \u00a0 \u00a0 \u00a0 \u00a0 \u00a0 \u00a0 \u00a0 \u00a0 \u00a0 \u00a0 \u00a0 \u00a0 \u00a0 \u00a0 \u00a0 Isabel G. Portilla R\u00edos\u00a0\u00a0\u00a0\u00a0\u00a0<\/strong><\/p>\n<p style=\"text-align: center;\"><strong>\u00a0 \u00a0 \u00a0 \u00a0 \u00a0 \u00a0 \u00a0 \u00a0 \u00a0 \u00a0 \u00a0 \u00a0 \u00a0 \u00a0 \u00a0 \u00a0 \u00a0 \u00a0 \u00a0 \u00a0 \u00a0 \u00a0 Decano Nacional del CPPe\u00a0 \u00a0 \u00a0 \u00a0 \u00a0 \u00a0 \u00a0 \u00a0 \u00a0 \u00a0 \u00a0 \u00a0 \u00a0 \u00a0 \u00a0 \u00a0 \u00a0 \u00a0 \u00a0Directora Secretaria Nacional\u00a0 \u00a0 \u00a0 \u00a0\u00a0<\/strong><strong>\u00a0 \u00a0 \u00a0 \u00a0 \u00a0 \u00a0 \u00a0 \u00a0 \u00a0 \u00a0 \u00a0 \u00a0 \u00a0 \u00a0 \u00a0 \u00a0 \u00a0 \u00a0 \u00a0 \u00a0 \u00a0 \u00a0<\/strong><\/p>\n<p style=\"text-align: center;\"><strong>\u00a0<\/strong><\/p>\n<p><strong>Descargar:\u00a0<a href=\"https:\/\/cppe.net.pe\/portal\/wp-content\/uploads\/2018\/05\/COMUNICADO-POSTERGACION-ELECCIONES-2018.jpg\" target=\"_blank\" rel=\"noopener\">COMUNICADO SOBRE POSTERGACI\u00d3N DE ELECCIONES 2018<\/a><\/strong><\/p>\n<p>&nbsp;<\/p>\n","protected":false},"excerpt":{"rendered":"<p>COMUNICADO La Junta Directiva Nacional del CPPe en reuni\u00f3n realizada el 04 de mayo, luego de hacer una evaluaci\u00f3n seria y objetiva sobre la realizaci\u00f3n de las elecciones complementarias para renovar las Juntas Directivas en ocho Filiales Regionales del pa\u00eds, previstas para el 20 de mayo de 2018; y, en uso de sus atribuciones de [&hellip;]<\/p>\n","protected":false},"author":3,"featured_media":2432,"comment_status":"open","ping_status":"open","sticky":false,"template":"","format":"standard","meta":{"_seopress_robots_primary_cat":"","_seopress_titles_title":"","_seopress_titles_desc":"","_seopress_robots_index":"","_et_pb_use_builder":"","_et_pb_old_content":"","_et_gb_content_width":"","footnotes":""},"categories":[21],"tags":[],"class_list":["post-2562","post","type-post","status-publish","format-standard","has-post-thumbnail","hentry","category-publicaciones"],"_links":{"self":[{"href":"https:\/\/cppe.org.pe\/portal\/wp-json\/wp\/v2\/posts\/2562","targetHints":{"allow":["GET"]}}],"collection":[{"href":"https:\/\/cppe.org.pe\/portal\/wp-json\/wp\/v2\/posts"}],"about":[{"href":"https:\/\/cppe.org.pe\/portal\/wp-json\/wp\/v2\/types\/post"}],"author":[{"embeddable":true,"href":"https:\/\/cppe.org.pe\/portal\/wp-json\/wp\/v2\/users\/3"}],"replies":[{"embeddable":true,"href":"https:\/\/cppe.org.pe\/portal\/wp-json\/wp\/v2\/comments?post=2562"}],"version-history":[{"count":1,"href":"https:\/\/cppe.org.pe\/portal\/wp-json\/wp\/v2\/posts\/2562\/revisions"}],"predecessor-version":[{"id":5884,"href":"https:\/\/cppe.org.pe\/portal\/wp-json\/wp\/v2\/posts\/2562\/revisions\/5884"}],"wp:featuredmedia":[{"embeddable":true,"href":"https:\/\/cppe.org.pe\/portal\/wp-json\/wp\/v2\/media\/2432"}],"wp:attachment":[{"href":"https:\/\/cppe.org.pe\/portal\/wp-json\/wp\/v2\/media?parent=2562"}],"wp:term":[{"taxonomy":"category","embeddable":true,"href":"https:\/\/cppe.org.pe\/portal\/wp-json\/wp\/v2\/categories?post=2562"},{"taxonomy":"post_tag","embeddable":true,"href":"https:\/\/cppe.org.pe\/portal\/wp-json\/wp\/v2\/tags?post=2562"}],"curies":[{"name":"wp","href":"https:\/\/api.w.org\/{rel}","templated":true}]}}