{"id":2568,"date":"2018-06-05T20:32:52","date_gmt":"2018-06-05T20:32:52","guid":{"rendered":"http:\/\/cppe.org.pe\/?p=2568"},"modified":"2024-08-09T12:22:44","modified_gmt":"2024-08-09T17:22:44","slug":"convocatoria-a-concurso-de-medalla-de-honor-del-cppe-2018","status":"publish","type":"post","link":"https:\/\/cppe.org.pe\/portal\/convocatoria-a-concurso-de-medalla-de-honor-del-cppe-2018\/","title":{"rendered":"CONVOCATORIA A CONCURSO DE MEDALLA DE HONOR DEL CPPe 2018"},"content":{"rendered":"<blockquote>\n<p style=\"text-align: justify;\">El pr\u00f3ximo mi\u00e9rcoles 18 de julio de 2018, con motivo del D\u00cdA DEL MAESTRO, el Colegio de Profesores del Per\u00fa entregar\u00e1 la m\u00e1xima distinci\u00f3n de nuestra Orden a distinguidos educadores profesionales. La distinci\u00f3n se entregar\u00e1 en un momento especial del acto de homenaje que el CPPe rendir\u00e1 a los educadores profesionales con motivo del D\u00cdA DEL MAESTRO 2018.<\/p>\n<\/blockquote>\n<h3><strong>\u00a0\u00a0 \u00a0 \u00a01. CONVOCATORIA A\u00a0CONCURSO Y CRONOGRAMA \u00a0 \u00a0 \u00a0<\/strong><\/h3>\n<p><em>Descargar:<\/em>\u00a0<a href=\"https:\/\/cppe.net.pe\/portal\/wp-content\/uploads\/2018\/06\/CONVOCATORIA-Y-CRONOGRAMA-2018.pdf\" target=\"_blank\" rel=\"noopener\">Convocatoria y Cronograma 2018\u00a0<\/a><\/p>\n<p>Scribd:\u00a0<a href=\"https:\/\/goo.gl\/w9SF7Q\" target=\"_blank\" rel=\"noopener\">https:\/\/goo.gl\/w9SF7Q<\/a><\/p>\n<h3>\u00a0 \u00a0 \u00a0 \u00a0 \u00a0 \u00a02. CRITERIOS DE CALIFICACI\u00d3N.<\/h3>\n<p><em>Descargar:\u00a0<a href=\"https:\/\/cppe.net.pe\/portal\/wp-content\/uploads\/2018\/06\/CRITERIOS-DE-CALIFICACION-PARA-CANDIDATOS-2018.pdf\" target=\"_blank\" rel=\"noopener\">Criterios de Calificaci\u00f3n 2018 <\/a><\/em><\/p>\n<p>Scribd:\u00a0<a href=\"https:\/\/goo.gl\/9axFKX\" target=\"_blank\" rel=\"noopener\">https:\/\/goo.gl\/9axFKX<\/a><\/p>\n<h3>\u00a0 \u00a0 \u00a0 \u00a0 \u00a0 \u00a03. \u00bfC\u00d3MO PRESENTAR CANDIDATOS\/AS A LA MEDALLA DE HONOR DEL COLEGIO DE PROFESORES DEL PER\u00da 2018?<\/h3>\n<p><em>Descargar:\u00a0<a href=\"https:\/\/cppe.net.pe\/portal\/wp-content\/uploads\/2018\/06\/MEDALLA-DE-HONOR-CPPe-2018.pdf\" target=\"_blank\" rel=\"noopener\">Preguntas frecuentes<\/a><\/em><\/p>\n<p>Scribd:\u00a0<a href=\"https:\/\/goo.gl\/Zt9CmA\" target=\"_blank\" rel=\"noopener\">https:\/\/goo.gl\/Zt9CmA<\/a><\/p>\n<p>&nbsp;<\/p>\n<p><em><strong>\u00a0 \u00a0 \u00a0 \u00a0 \u00a0 \u00a0 Mayor informaci\u00f3n puede llamar al tel\u00e9fono 423-8595 o escribir al siguiente correo: colegiodeprofesores.cppe@gmail.com\u00a0<\/strong><\/em><\/p>\n<p>&nbsp;<\/p>\n<h4 style=\"text-align: center;\">Mg. Gilberto R. Meza Aguirre<\/h4>\n<h4 style=\"text-align: center;\">Decano Nacional del CPPe<\/h4>\n<p>&nbsp;<\/p>\n","protected":false},"excerpt":{"rendered":"<p>El pr\u00f3ximo mi\u00e9rcoles 18 de julio de 2018, con motivo del D\u00cdA DEL MAESTRO, el Colegio de Profesores del Per\u00fa entregar\u00e1 la m\u00e1xima distinci\u00f3n de nuestra Orden a distinguidos educadores profesionales. La distinci\u00f3n se entregar\u00e1 en un momento especial del acto de homenaje que el CPPe rendir\u00e1 a los educadores profesionales con motivo del D\u00cdA [&hellip;]<\/p>\n","protected":false},"author":3,"featured_media":2573,"comment_status":"open","ping_status":"open","sticky":false,"template":"","format":"standard","meta":{"_seopress_robots_primary_cat":"","_seopress_titles_title":"","_seopress_titles_desc":"","_seopress_robots_index":"","_et_pb_use_builder":"","_et_pb_old_content":"","_et_gb_content_width":"","footnotes":""},"categories":[21],"tags":[],"class_list":["post-2568","post","type-post","status-publish","format-standard","has-post-thumbnail","hentry","category-publicaciones"],"_links":{"self":[{"href":"https:\/\/cppe.org.pe\/portal\/wp-json\/wp\/v2\/posts\/2568","targetHints":{"allow":["GET"]}}],"collection":[{"href":"https:\/\/cppe.org.pe\/portal\/wp-json\/wp\/v2\/posts"}],"about":[{"href":"https:\/\/cppe.org.pe\/portal\/wp-json\/wp\/v2\/types\/post"}],"author":[{"embeddable":true,"href":"https:\/\/cppe.org.pe\/portal\/wp-json\/wp\/v2\/users\/3"}],"replies":[{"embeddable":true,"href":"https:\/\/cppe.org.pe\/portal\/wp-json\/wp\/v2\/comments?post=2568"}],"version-history":[{"count":1,"href":"https:\/\/cppe.org.pe\/portal\/wp-json\/wp\/v2\/posts\/2568\/revisions"}],"predecessor-version":[{"id":5882,"href":"https:\/\/cppe.org.pe\/portal\/wp-json\/wp\/v2\/posts\/2568\/revisions\/5882"}],"wp:featuredmedia":[{"embeddable":true,"href":"https:\/\/cppe.org.pe\/portal\/wp-json\/wp\/v2\/media\/2573"}],"wp:attachment":[{"href":"https:\/\/cppe.org.pe\/portal\/wp-json\/wp\/v2\/media?parent=2568"}],"wp:term":[{"taxonomy":"category","embeddable":true,"href":"https:\/\/cppe.org.pe\/portal\/wp-json\/wp\/v2\/categories?post=2568"},{"taxonomy":"post_tag","embeddable":true,"href":"https:\/\/cppe.org.pe\/portal\/wp-json\/wp\/v2\/tags?post=2568"}],"curies":[{"name":"wp","href":"https:\/\/api.w.org\/{rel}","templated":true}]}}