{"id":2591,"date":"2018-07-05T23:41:58","date_gmt":"2018-07-05T23:41:58","guid":{"rendered":"http:\/\/cppe.org.pe\/?p=2591"},"modified":"2024-08-09T12:22:44","modified_gmt":"2024-08-09T17:22:44","slug":"feliz-dia-maestros-educadores-profesionales","status":"publish","type":"post","link":"https:\/\/cppe.org.pe\/portal\/feliz-dia-maestros-educadores-profesionales\/","title":{"rendered":"FELIZ D\u00cdA MAESTROS, EDUCADORES PROFESIONALES"},"content":{"rendered":"<p><a href=\"https:\/\/www.facebook.com\/CPPeColegioDeProfesoresDelPeru\/\" target=\"_blank\" rel=\"noopener\"><img loading=\"lazy\" decoding=\"async\" class=\"alignnone\" src=\"https:\/\/scontent.flim5-3.fna.fbcdn.net\/v\/t1.0-9\/36663307_2105072606417845_2580639019721293824_o.jpg?_nc_cat=0&amp;oh=4666726a2cd73aa77004723d980bb255&amp;oe=5BEC484A\" alt=\"La imagen puede contener: 1 persona, sentado, monta\u00c3\u00b1a, exterior y naturaleza\" width=\"937\" height=\"332\" \/><\/a><\/p>\n<p style=\"text-align: justify;\">Nuestro saludo reverente a los maestros, educadores profesionales, en el D\u00eda del Maestro. Que nuestra labor trascienda las tareas meramente instructivas y pongamos el acento en nuestro rol de formadores integrales de los estudiantes, para hacer de ellos los futuros ciudadanos que nuestro pa\u00eds requiere para salir del atraso econ\u00f3mico, social y cultural. Es decir que formemos al hombre nuevo para un mundo nuevo.<\/p>\n<p style=\"text-align: justify;\">Nuestro saludo al gremio magisterial fundado por Horacio Zeballos G\u00e1mez, que est\u00e1 cumpliendo 46 a\u00f1os de fundaci\u00f3n. Las palabras de Horacio: \u201cLa lucha es una Escuela y la victoria la hija mayor del sacrificio y el SUTEP combativo \u00a1es el camino! que no tiene destrucci\u00f3n\u2026\u201d cobran mayor vigencia en circunstancias en que requerimos de la unidad m\u00e1s amplia para luchar en defensa de la Escuela P\u00fablica que contin\u00faa en riesgo mientras se mantenga vigente el modelo neoliberal.<\/p>\n<p>Por todo ello, en esta fecha tan significativa hacemos llegar nuestro sincero reconocimiento y con profunda vocaci\u00f3n docente a todas las maestras y maestros del pa\u00eds, recordando a aquellos que entregaron sus vidas por un futuro diferente y digno para los maestros.<\/p>\n<p style=\"text-align: center;\"><em><strong>\u00a1FELIZ D\u00cdA DEL MAESTRO PERUANO!<\/strong><\/em><\/p>\n<p>&nbsp;<\/p>\n<p style=\"text-align: center;\"><strong>Gilberto R. Meza Aguirre<\/strong><br \/>\n<strong>Decano Nacional del CPPe<\/strong><\/p>\n<p style=\"text-align: center;\"><strong>JUNTA DIRECTIVA NACIONAL<\/strong><\/p>\n<p>&nbsp;<\/p>\n","protected":false},"excerpt":{"rendered":"<p>Nuestro saludo reverente a los maestros, educadores profesionales, en el D\u00eda del Maestro. Que nuestra labor trascienda las tareas meramente instructivas y pongamos el acento en nuestro rol de formadores integrales de los estudiantes, para hacer de ellos los futuros ciudadanos que nuestro pa\u00eds requiere para salir del atraso econ\u00f3mico, social y cultural. Es decir [&hellip;]<\/p>\n","protected":false},"author":3,"featured_media":2592,"comment_status":"open","ping_status":"open","sticky":false,"template":"","format":"standard","meta":{"_seopress_robots_primary_cat":"","_seopress_titles_title":"","_seopress_titles_desc":"","_seopress_robots_index":"","_et_pb_use_builder":"","_et_pb_old_content":"","_et_gb_content_width":"","footnotes":""},"categories":[21],"tags":[],"class_list":["post-2591","post","type-post","status-publish","format-standard","has-post-thumbnail","hentry","category-publicaciones"],"_links":{"self":[{"href":"https:\/\/cppe.org.pe\/portal\/wp-json\/wp\/v2\/posts\/2591","targetHints":{"allow":["GET"]}}],"collection":[{"href":"https:\/\/cppe.org.pe\/portal\/wp-json\/wp\/v2\/posts"}],"about":[{"href":"https:\/\/cppe.org.pe\/portal\/wp-json\/wp\/v2\/types\/post"}],"author":[{"embeddable":true,"href":"https:\/\/cppe.org.pe\/portal\/wp-json\/wp\/v2\/users\/3"}],"replies":[{"embeddable":true,"href":"https:\/\/cppe.org.pe\/portal\/wp-json\/wp\/v2\/comments?post=2591"}],"version-history":[{"count":1,"href":"https:\/\/cppe.org.pe\/portal\/wp-json\/wp\/v2\/posts\/2591\/revisions"}],"predecessor-version":[{"id":5880,"href":"https:\/\/cppe.org.pe\/portal\/wp-json\/wp\/v2\/posts\/2591\/revisions\/5880"}],"wp:featuredmedia":[{"embeddable":true,"href":"https:\/\/cppe.org.pe\/portal\/wp-json\/wp\/v2\/media\/2592"}],"wp:attachment":[{"href":"https:\/\/cppe.org.pe\/portal\/wp-json\/wp\/v2\/media?parent=2591"}],"wp:term":[{"taxonomy":"category","embeddable":true,"href":"https:\/\/cppe.org.pe\/portal\/wp-json\/wp\/v2\/categories?post=2591"},{"taxonomy":"post_tag","embeddable":true,"href":"https:\/\/cppe.org.pe\/portal\/wp-json\/wp\/v2\/tags?post=2591"}],"curies":[{"name":"wp","href":"https:\/\/api.w.org\/{rel}","templated":true}]}}