{"id":2613,"date":"2018-07-13T17:29:44","date_gmt":"2018-07-13T17:29:44","guid":{"rendered":"http:\/\/cppe.org.pe\/?p=2613"},"modified":"2024-08-09T12:22:43","modified_gmt":"2024-08-09T17:22:43","slug":"ecydeth-congreso-internacional-de-psicopedagogia-y-tutoria-educativa-basica-regular-y-universitaria","status":"publish","type":"post","link":"https:\/\/cppe.org.pe\/portal\/ecydeth-congreso-internacional-de-psicopedagogia-y-tutoria-educativa-basica-regular-y-universitaria\/","title":{"rendered":"ECYDETH &#8211; CONGRESO INTERNACIONAL DE PSICOPEDAGOG\u00cdA Y TUTOR\u00cdA EDUCATIVA B\u00c1SICA REGULAR Y UNIVERSITARIA"},"content":{"rendered":"<blockquote>\n<h4>Estimados maestros, los invitamos a participar del <a href=\"https:\/\/www.facebook.com\/CPPeColegioDeProfesoresDelPeru\/photos\/a.1374537619471351.1073741827.1374533636138416\/2112582782333494\/?type=3&amp;theater\" target=\"_blank\" rel=\"noopener\">CONGRESO INTERNACIONAL DE PSICOPEDAGOG\u00cdA Y TUTOR\u00cdA EDUCATIVA B\u00c1SICA REGULAR Y UNIVERSITARIA.<\/a><\/h4>\n<\/blockquote>\n<h4>Ponentes de alto nivel, y contaremos con la participaci\u00f3n del Decano Nacional del CPPe, Mg. Gilberto R. Meza Aguirre.<\/h4>\n<h4><span style=\"color: #000080;\">\u00a0Fechas: 16, 17 y 18 de agosto.\u00a0<\/span><\/h4>\n<p><img loading=\"lazy\" decoding=\"async\" class=\"\" src=\"https:\/\/scontent.flim5-3.fna.fbcdn.net\/v\/t1.0-9\/37019421_2112582789000160_6950893493237579776_n.jpg?_nc_cat=0&amp;oh=b931dd9ebaf423a3c8e0ab51b47a0552&amp;oe=5BD98E60\" alt=\"La imagen puede contener: 9 personas, personas sonriendo\" width=\"458\" height=\"662\" \/><\/p>\n<p><img loading=\"lazy\" decoding=\"async\" class=\"\" src=\"https:\/\/scontent.flim5-3.fna.fbcdn.net\/v\/t1.0-9\/37043753_2112583352333437_1109568761851019264_n.jpg?_nc_cat=0&amp;oh=213be0ac39572d2df1dfae8eb98de66d&amp;oe=5BEC675C\" alt=\"No hay texto alternativo autom\u00c3\u00a1tico disponible.\" width=\"463\" height=\"678\" \/><\/p>\n<p>&nbsp;<\/p>\n<p>&nbsp;<\/p>\n","protected":false},"excerpt":{"rendered":"<p>Estimados maestros, los invitamos a participar del CONGRESO INTERNACIONAL DE PSICOPEDAGOG\u00cdA Y TUTOR\u00cdA EDUCATIVA B\u00c1SICA REGULAR Y UNIVERSITARIA. Ponentes de alto nivel, y contaremos con la participaci\u00f3n del Decano Nacional del CPPe, Mg. Gilberto R. Meza Aguirre. \u00a0Fechas: 16, 17 y 18 de agosto.\u00a0 &nbsp; &nbsp;<\/p>\n","protected":false},"author":3,"featured_media":2614,"comment_status":"open","ping_status":"open","sticky":false,"template":"","format":"standard","meta":{"_seopress_robots_primary_cat":"","_seopress_titles_title":"","_seopress_titles_desc":"","_seopress_robots_index":"","_et_pb_use_builder":"","_et_pb_old_content":"","_et_gb_content_width":"","footnotes":""},"categories":[21],"tags":[],"class_list":["post-2613","post","type-post","status-publish","format-standard","has-post-thumbnail","hentry","category-publicaciones"],"_links":{"self":[{"href":"https:\/\/cppe.org.pe\/portal\/wp-json\/wp\/v2\/posts\/2613","targetHints":{"allow":["GET"]}}],"collection":[{"href":"https:\/\/cppe.org.pe\/portal\/wp-json\/wp\/v2\/posts"}],"about":[{"href":"https:\/\/cppe.org.pe\/portal\/wp-json\/wp\/v2\/types\/post"}],"author":[{"embeddable":true,"href":"https:\/\/cppe.org.pe\/portal\/wp-json\/wp\/v2\/users\/3"}],"replies":[{"embeddable":true,"href":"https:\/\/cppe.org.pe\/portal\/wp-json\/wp\/v2\/comments?post=2613"}],"version-history":[{"count":1,"href":"https:\/\/cppe.org.pe\/portal\/wp-json\/wp\/v2\/posts\/2613\/revisions"}],"predecessor-version":[{"id":5878,"href":"https:\/\/cppe.org.pe\/portal\/wp-json\/wp\/v2\/posts\/2613\/revisions\/5878"}],"wp:featuredmedia":[{"embeddable":true,"href":"https:\/\/cppe.org.pe\/portal\/wp-json\/wp\/v2\/media\/2614"}],"wp:attachment":[{"href":"https:\/\/cppe.org.pe\/portal\/wp-json\/wp\/v2\/media?parent=2613"}],"wp:term":[{"taxonomy":"category","embeddable":true,"href":"https:\/\/cppe.org.pe\/portal\/wp-json\/wp\/v2\/categories?post=2613"},{"taxonomy":"post_tag","embeddable":true,"href":"https:\/\/cppe.org.pe\/portal\/wp-json\/wp\/v2\/tags?post=2613"}],"curies":[{"name":"wp","href":"https:\/\/api.w.org\/{rel}","templated":true}]}}