{"id":2637,"date":"2018-07-28T18:14:36","date_gmt":"2018-07-28T18:14:36","guid":{"rendered":"http:\/\/cppe.org.pe\/?p=2637"},"modified":"2024-08-09T12:19:07","modified_gmt":"2024-08-09T17:19:07","slug":"felices-fiestas-patrias-2018","status":"publish","type":"post","link":"https:\/\/cppe.org.pe\/portal\/felices-fiestas-patrias-2018\/","title":{"rendered":"FELICES FIESTAS PATRIAS 2018"},"content":{"rendered":"<p style=\"text-align: justify;\">El 28 de Julio es una fecha en que todo el Per\u00fa celebra fiestas patrias,\u00a0 nuestro pa\u00eds\u00a0 cumple 197 a\u00f1os de vida independiente. Los maestros del Per\u00fa tenemos la gran tarea de organizar nuestro aniversario patrio para recordar esta fecha importante y sobre todo para tomar conciencia de nuestro rol en la sociedad para todos los que anhelamos un pa\u00eds libre, soberano, justo, con una educaci\u00f3n gratuita y de calidad para todos sin discriminaciones, ya que la educaci\u00f3n es uno de los principales pilares del desarrollo de un pa\u00eds.<\/p>\n<p style=\"text-align: justify;\">Son innumerables las razones por las que el Per\u00fa es un gran pa\u00eds y este 28 de Julio debemos de celebrar con alegr\u00eda un aniversario m\u00e1s de nuestra independencia, es una fecha en la que todos los peruanos nos sentimos felices de haber nacido en este maravilloso pa\u00eds, una fecha para sentirnos orgullosos de nuestro patrimonio cultural y riqueza hist\u00f3rica, de los maravillosos lugares que hay en la costa, sierra y selva de nuestro territorio, nuestra m\u00fasica, nuestros exquisitos potajes que se pueden disfrutar y la calidez de su pueblo.<\/p>\n<p style=\"text-align: justify;\">Tenemos miles de cosas para sentirnos orgullosos, podemos decirle al mundo que tenemos algo por qu\u00e9 luchar, algo por que trabajar, tenemos un futuro que nos espera con los brazos abiertos, depende de\u00a0 nosotros para seguir luchando y construyendo una nueva sociedad.<\/p>\n<p style=\"text-align: justify;\">En este aniversario patrio, en que recordamos no s\u00f3lo la proclamaci\u00f3n de la independencia del Per\u00fa, sino tambi\u00e9n el esp\u00edritu de un pueblo para rechazar la injusticia del dominio y la explotaci\u00f3n de los conquistadores; debemos sentirnos comprometidos a revalorar con trabajo, estudio, sacrificio y fe, el ejemplo recibido. En estos tiempos de malos gobiernos, de corrupci\u00f3n, de pobreza y de impunidad, no dejemos que los problemas nos quiten lo \u00fanico que nos es innato: el orgullo de ser peruanos, por eso que en estas fiestas patrias debemos gritar a una sola voz.<\/p>\n<h3 style=\"text-align: center;\"><strong>\u00a1VIVA\u00a0 EL PER\u00da!<\/strong><\/h3>\n<p>&nbsp;<\/p>\n<p><img decoding=\"async\" src=\"https:\/\/scontent.flim9-1.fna.fbcdn.net\/v\/t1.0-9\/37930247_2127713574153748_802547770635321344_n.jpg?_nc_cat=0&amp;oh=2c1e9c2c77cc7e2040d5d01d102e4933&amp;oe=5BD3E087\" alt=\"No hay texto alternativo autom\u00c3\u00a1tico disponible.\" \/><\/p>\n","protected":false},"excerpt":{"rendered":"<p>El 28 de Julio es una fecha en que todo el Per\u00fa celebra fiestas patrias,\u00a0 nuestro pa\u00eds\u00a0 cumple 197 a\u00f1os de vida independiente. Los maestros del Per\u00fa tenemos la gran tarea de organizar nuestro aniversario patrio para recordar esta fecha importante y sobre todo para tomar conciencia de nuestro rol en la sociedad para todos [&hellip;]<\/p>\n","protected":false},"author":3,"featured_media":2638,"comment_status":"open","ping_status":"open","sticky":false,"template":"","format":"standard","meta":{"_seopress_robots_primary_cat":"","_seopress_titles_title":"","_seopress_titles_desc":"","_seopress_robots_index":"","_et_pb_use_builder":"","_et_pb_old_content":"","_et_gb_content_width":"","footnotes":""},"categories":[21],"tags":[],"class_list":["post-2637","post","type-post","status-publish","format-standard","has-post-thumbnail","hentry","category-publicaciones"],"_links":{"self":[{"href":"https:\/\/cppe.org.pe\/portal\/wp-json\/wp\/v2\/posts\/2637","targetHints":{"allow":["GET"]}}],"collection":[{"href":"https:\/\/cppe.org.pe\/portal\/wp-json\/wp\/v2\/posts"}],"about":[{"href":"https:\/\/cppe.org.pe\/portal\/wp-json\/wp\/v2\/types\/post"}],"author":[{"embeddable":true,"href":"https:\/\/cppe.org.pe\/portal\/wp-json\/wp\/v2\/users\/3"}],"replies":[{"embeddable":true,"href":"https:\/\/cppe.org.pe\/portal\/wp-json\/wp\/v2\/comments?post=2637"}],"version-history":[{"count":1,"href":"https:\/\/cppe.org.pe\/portal\/wp-json\/wp\/v2\/posts\/2637\/revisions"}],"predecessor-version":[{"id":5874,"href":"https:\/\/cppe.org.pe\/portal\/wp-json\/wp\/v2\/posts\/2637\/revisions\/5874"}],"wp:featuredmedia":[{"embeddable":true,"href":"https:\/\/cppe.org.pe\/portal\/wp-json\/wp\/v2\/media\/2638"}],"wp:attachment":[{"href":"https:\/\/cppe.org.pe\/portal\/wp-json\/wp\/v2\/media?parent=2637"}],"wp:term":[{"taxonomy":"category","embeddable":true,"href":"https:\/\/cppe.org.pe\/portal\/wp-json\/wp\/v2\/categories?post=2637"},{"taxonomy":"post_tag","embeddable":true,"href":"https:\/\/cppe.org.pe\/portal\/wp-json\/wp\/v2\/tags?post=2637"}],"curies":[{"name":"wp","href":"https:\/\/api.w.org\/{rel}","templated":true}]}}