{"id":3536,"date":"2020-07-02T14:24:10","date_gmt":"2020-07-02T19:24:10","guid":{"rendered":"https:\/\/cppe.org.pe\/?p=3536"},"modified":"2024-08-09T12:18:38","modified_gmt":"2024-08-09T17:18:38","slug":"programa-de-homenaje-a-los-maestros-del-peru","status":"publish","type":"post","link":"https:\/\/cppe.org.pe\/portal\/programa-de-homenaje-a-los-maestros-del-peru\/","title":{"rendered":"PROGRAMA DE HOMENAJE A LOS MAESTROS DEL PER\u00da"},"content":{"rendered":"<p>&nbsp;<\/p>\n<h4>En el marco de las celebraciones por el D\u00eda del Maestro, hemos programado actividades acad\u00e9micas, culturales y art\u00edsticas, dirigido a los docentes colegiados y a todos los educadores profesionales del pa\u00eds.<\/h4>\n<p><!--more--><\/p>\n<p>Las transmisiones se realizar\u00e1n v\u00eda Facebook Live, desde nuestro Fanpage oficial, te dejamos el link: <a href=\"https:\/\/www.facebook.com\/cppecolegiodeprofesoresdelperu\/\" target=\"_blank\" rel=\"noopener noreferrer\">COLEGIO DE PROFESORES DEL PER\u00da<\/a><\/p>\n<p><a href=\"https:\/\/www.facebook.com\/cppecolegiodeprofesoresdelperu\/posts\/2678998139025286\"><img loading=\"lazy\" decoding=\"async\" class=\"aligncenter size-large wp-image-3538\" src=\"https:\/\/cppe.net.pe\/portal\/wp-content\/uploads\/2024\/08\/progrmacion2-1024x1024.jpg\" alt=\"\" width=\"1024\" height=\"1024\" \/><\/a><a href=\"https:\/\/www.facebook.com\/cppecolegiodeprofesoresdelperu\/posts\/2678998139025286\"><img loading=\"lazy\" decoding=\"async\" class=\"aligncenter size-large wp-image-3539\" src=\"https:\/\/cppe.net.pe\/portal\/wp-content\/uploads\/2024\/08\/programacion3-1024x1024.jpg\" alt=\"\" width=\"1024\" height=\"1024\" \/><\/a><\/p>\n<p>&nbsp;<\/p>\n<hr \/>\n<h2><a class=\"_58cn\" href=\"https:\/\/www.facebook.com\/cppecolegiodeprofesoresdelperu\/photos\/a.1374537619471351\/2678257262432707\/?type=3&amp;theater\" target=\"_blank\" rel=\"noopener noreferrer\" data-ft=\"{&quot;type&quot;:104,&quot;tn&quot;:&quot;*N&quot;}\">Conferencia Virtual:\u00a0\u201cEvaluaci\u00f3n formativa en la educaci\u00f3n a distancia\u00bb<\/a><\/h2>\n<p>Ponente: Mg. Liliana Aidee Mu\u00f1oz Guevara.<br \/>\nVicedecana de la Facultad de Educaci\u00f3n de la Universidad Peruana Cayetano Heredia.<br \/>\n<span class=\"text_exposed_show\"><br \/>\nA realizarse el s\u00e1bado 04 de julio, a las 10:00 am, el mismo que ser\u00e1 transmitido v\u00eda Facebook Live.<\/span><\/p>\n<p><a href=\"https:\/\/www.facebook.com\/cppecolegiodeprofesoresdelperu\/videos\/329180391428051\/\"><br \/>\n<img loading=\"lazy\" decoding=\"async\" class=\"alignleft\" src=\"https:\/\/scontent.flim3-2.fna.fbcdn.net\/v\/t1.0-9\/p960x960\/106685790_2678257265766040_2496065287998264533_o.jpg?_nc_cat=108&amp;_nc_sid=8024bb&amp;_nc_eui2=AeETqZyt1QoP1SPSDePxWFJizIN0L7l4hxfMg3QvuXiHF00S64JRYR_S4IrekGsCL9OGPxOnXzU23SK3MaarjXpR&amp;_nc_ohc=sTjeEBGNRIcAX9eKhDi&amp;_nc_ht=scontent.flim3-2.fna&amp;_nc_tp=6&amp;oh=2a2726a23e676d7d70744e37c7e9e184&amp;oe=5F296503\" alt=\"La imagen puede contener: 2 personas, texto\" width=\"353\" height=\"353\" \/><\/a><\/p>\n<p><iframe loading=\"lazy\" style=\"border: none; overflow: hidden;\" src=\"https:\/\/www.facebook.com\/plugins\/video.php?href=https%3A%2F%2Fwww.facebook.com%2Fcppecolegiodeprofesoresdelperu%2Fvideos%2F329180391428051%2F&amp;show_text=0&amp;width=560\" width=\"560\" height=\"315\" frameborder=\"0\" scrolling=\"no\" allowfullscreen=\"allowfullscreen\"><\/iframe><\/p>\n<p>&nbsp;<\/p>\n<hr \/>\n<h2><a class=\"_58cn\" href=\"https:\/\/www.facebook.com\/cppecolegiodeprofesoresdelperu\/photos\/a.1414656005459512\/2680961098828990\/?type=3&amp;theater\" target=\"_blank\" rel=\"noopener noreferrer\" data-ft=\"{&quot;type&quot;:104,&quot;tn&quot;:&quot;*N&quot;}\">Programa Cultural: Homenaje a los Maestros del Per\u00fa<\/a><\/h2>\n<p><a href=\"https:\/\/www.facebook.com\/cppecolegiodeprofesoresdelperu\/photos\/a.1414656005459512\/2680961098828990\/?type=3&amp;theater\"><img loading=\"lazy\" decoding=\"async\" class=\"alignleft\" src=\"https:\/\/scontent.flim3-2.fna.fbcdn.net\/v\/t1.0-9\/p960x960\/107089034_2680961102162323_613048493656794038_o.jpg?_nc_cat=103&amp;_nc_sid=110474&amp;_nc_eui2=AeHx9WvVAY-Figd8DX7NZ33hhXbconTQhKWFdtyidNCEpfsghyvSxT0-upAwpNBHjp3jSSUJyU7UUL8plbuvvwWg&amp;_nc_ohc=i9pBmFRIX8EAX-WcIb0&amp;_nc_ht=scontent.flim3-2.fna&amp;_nc_tp=6&amp;oh=56039c61a04dcd57036e8d2dff3b5758&amp;oe=5F2A19E2\" alt=\"La imagen puede contener: 8 personas\" width=\"417\" height=\"417\" \/><\/a><\/p>\n<p><iframe loading=\"lazy\" style=\"border: none; overflow: hidden;\" src=\"https:\/\/www.facebook.com\/plugins\/video.php?href=https%3A%2F%2Fwww.facebook.com%2Fcppecolegiodeprofesoresdelperu%2Fvideos%2F1642223632620017%2F&amp;show_text=1&amp;width=560\" width=\"560\" height=\"489\" frameborder=\"0\" scrolling=\"no\" allowfullscreen=\"allowfullscreen\"><\/iframe><\/p>\n<p>&nbsp;<\/p>\n<hr \/>\n<h2><a class=\"_58cn\" href=\"https:\/\/www.facebook.com\/cppecolegiodeprofesoresdelperu\/photos\/pcb.2683558051902628\/2683577488567351\/?type=3&amp;theater\" target=\"_blank\" rel=\"noopener noreferrer\" data-ft=\"{&quot;type&quot;:104,&quot;tn&quot;:&quot;*N&quot;}\">Sesi\u00f3n Solemne de la Junta Directiva Nacional y Juntas Directivas Regionales<\/a><\/h2>\n<p><a href=\"https:\/\/www.facebook.com\/cppecolegiodeprofesoresdelperu\"><img loading=\"lazy\" decoding=\"async\" class=\"alignleft wp-image-3553 \" src=\"https:\/\/cppe.net.pe\/portal\/wp-content\/uploads\/2024\/08\/DIA-DEL-MAESTRO-11-JULIO.jpg\" alt=\"\" width=\"516\" height=\"344\" \/><\/a><iframe loading=\"lazy\" style=\"border: none; overflow: hidden;\" src=\"https:\/\/www.facebook.com\/plugins\/video.php?href=https%3A%2F%2Fwww.facebook.com%2Fcppecolegiodeprofesoresdelperu%2Fvideos%2F616694405651104%2F&amp;show_text=1&amp;width=560\" width=\"560\" height=\"489\" frameborder=\"0\" scrolling=\"no\" allowfullscreen=\"allowfullscreen\"><span data-mce-type=\"bookmark\" style=\"display: inline-block; width: 0px; overflow: hidden; line-height: 0;\" class=\"mce_SELRES_start\">\ufeff<\/span><span data-mce-type=\"bookmark\" style=\"display: inline-block; width: 0px; overflow: hidden; line-height: 0;\" class=\"mce_SELRES_start\">\ufeff<\/span><\/iframe><\/p>\n<hr \/>\n<p>&nbsp;<\/p>\n<h2><a class=\"_58cn\" href=\"https:\/\/www.facebook.com\/cppecolegiodeprofesoresdelperu\/photos\/pcb.2683558051902628\/2683577488567351\/?type=3&amp;theater\" target=\"_blank\" rel=\"noopener noreferrer\" data-ft=\"{&quot;type&quot;:104,&quot;tn&quot;:&quot;*N&quot;}\">Conferencia Virtual: \u00abEducaci\u00f3n remota y los desaf\u00edos de los entornos virtuales para un aprendizaje de calidad\u00bb<\/a><\/h2>\n<p>&nbsp;<\/p>\n<p>&nbsp;<\/p>\n<p>&nbsp;<\/p>\n","protected":false},"excerpt":{"rendered":"<p>&nbsp; En el marco de las celebraciones por el D\u00eda del Maestro, hemos programado actividades acad\u00e9micas, culturales y art\u00edsticas, dirigido a los docentes colegiados y a todos los educadores profesionales del pa\u00eds.<\/p>\n","protected":false},"author":3,"featured_media":3540,"comment_status":"open","ping_status":"open","sticky":false,"template":"","format":"standard","meta":{"_seopress_robots_primary_cat":"","_seopress_titles_title":"","_seopress_titles_desc":"","_seopress_robots_index":"","_et_pb_use_builder":"","_et_pb_old_content":"","_et_gb_content_width":"","footnotes":""},"categories":[21],"tags":[],"class_list":["post-3536","post","type-post","status-publish","format-standard","has-post-thumbnail","hentry","category-publicaciones"],"_links":{"self":[{"href":"https:\/\/cppe.org.pe\/portal\/wp-json\/wp\/v2\/posts\/3536","targetHints":{"allow":["GET"]}}],"collection":[{"href":"https:\/\/cppe.org.pe\/portal\/wp-json\/wp\/v2\/posts"}],"about":[{"href":"https:\/\/cppe.org.pe\/portal\/wp-json\/wp\/v2\/types\/post"}],"author":[{"embeddable":true,"href":"https:\/\/cppe.org.pe\/portal\/wp-json\/wp\/v2\/users\/3"}],"replies":[{"embeddable":true,"href":"https:\/\/cppe.org.pe\/portal\/wp-json\/wp\/v2\/comments?post=3536"}],"version-history":[{"count":1,"href":"https:\/\/cppe.org.pe\/portal\/wp-json\/wp\/v2\/posts\/3536\/revisions"}],"predecessor-version":[{"id":5822,"href":"https:\/\/cppe.org.pe\/portal\/wp-json\/wp\/v2\/posts\/3536\/revisions\/5822"}],"wp:featuredmedia":[{"embeddable":true,"href":"https:\/\/cppe.org.pe\/portal\/wp-json\/wp\/v2\/media\/3540"}],"wp:attachment":[{"href":"https:\/\/cppe.org.pe\/portal\/wp-json\/wp\/v2\/media?parent=3536"}],"wp:term":[{"taxonomy":"category","embeddable":true,"href":"https:\/\/cppe.org.pe\/portal\/wp-json\/wp\/v2\/categories?post=3536"},{"taxonomy":"post_tag","embeddable":true,"href":"https:\/\/cppe.org.pe\/portal\/wp-json\/wp\/v2\/tags?post=3536"}],"curies":[{"name":"wp","href":"https:\/\/api.w.org\/{rel}","templated":true}]}}