{"id":3542,"date":"2020-07-06T18:27:03","date_gmt":"2020-07-06T23:27:03","guid":{"rendered":"https:\/\/cppe.org.pe\/?p=3542"},"modified":"2024-08-09T12:18:38","modified_gmt":"2024-08-09T17:18:38","slug":"diadelmaestro2020","status":"publish","type":"post","link":"https:\/\/cppe.org.pe\/portal\/diadelmaestro2020\/","title":{"rendered":"\u00a1FELIZ D\u00cdA MAESTRAS Y MAESTROS DEL PER\u00da!"},"content":{"rendered":"<h4>La Junta Directiva Nacional y Juntas Directivas Regionales del Colegio de Profesores del Per\u00fa, periodo 2020 &#8211; 2023, expresan su saludo institucional a los maestros del pa\u00eds, por asumir una delicada funci\u00f3n y contribuir a la educaci\u00f3n y la cultura nacional.<\/h4>\n<p><!--more--><\/p>\n<p style=\"text-align: justify;\">El 6 de julio de cada a\u00f1o se celebra el D\u00eda del Maestro, instituida oficialmente en 1953, motivo que nos anima reflexionar sobre nuestra labor. Los educadores profesionales sabemos de nuestro rol, y lo asumimos adapt\u00e1ndonos a las nuevas circunstancias y retos, que en el presente a\u00f1o nos impone la emergencia sanitaria y la implementaci\u00f3n de la educaci\u00f3n a distancia. La situaci\u00f3n es compleja, sin embargo, asumimos el reto, predispuesto a reinventarnos con creatividad e innovaci\u00f3n.<br \/>\nPara los educadores profesionales, el \u2018D\u00eda del Maestro\u2019 es una fecha de enorme significaci\u00f3n, porque nos permite reafirmar nuestra vocaci\u00f3n, convicci\u00f3n y misi\u00f3n de educar con amor y compromiso, convencido que es una hermosa manera de contribuir a la formaci\u00f3n de las nuevas generaciones, las familias y el desarrollo nacional. Por tal raz\u00f3n, va nuestro reconocimiento a los m\u00e1s de dos centenares de educadores que han sacrificado sus vidas en el marco del COVID-19, cumpliendo su sagrada misi\u00f3n. Queridos maestros, tu siembra nunca ser\u00e1 borrada de la mente y coraz\u00f3n de tus estudiantes.<br \/>\nNuestra Orden Profesional, ratifica su compromiso de trabajo en articulaci\u00f3n con todas las autoridades del sector educaci\u00f3n y la cultura, con el firme prop\u00f3sito de contribuir a la mejora educativa, pero proponiendo pol\u00edticas de Estado que garanticen una docencia revalorada y dignificada, de cara a las exigencias del bicentenario patrio.<\/p>\n<p style=\"text-align: center;\"><strong>\u00a1Feliz d\u00eda maestro!<\/strong><\/p>\n<p style=\"text-align: right;\">Lima, 6 de julio de 2020<\/p>\n<p style=\"text-align: center;\"><strong>PABLO HEL\u00cd OCA\u00d1A ALEJO<\/strong><br \/>\n<strong>DECANO NACIONAL<\/strong><\/p>\n<p>&nbsp;<\/p>\n<p><strong>Decanos Regionales:<\/strong><\/p>\n<p>G\u00c1LVEZ GALINDO, MARIO ALCIDES \u2013 Lima Metropolitana<br \/>\nSILVA BRAVO, M\u00c1XIMO MAURO &#8211; Lima Provincias<br \/>\nRUIZ SARMIENTO, GLORIA ELVIRA &#8211; Callao<br \/>\nPINEDO COMECA, JUAN &#8211; Amazonas<br \/>\nLLANOS FLORES, LUIS GERM\u00c1N \u2013 Ancash<br \/>\nTAPIA PACCI, NELLY &#8211; Apur\u00edmac<br \/>\nARAMAYO DELGADO, LUIS ALBERTO &#8211; Arequipa<br \/>\nPAUCAR MISAICO, NICOL\u00c1S \u2013 Ayacucho<br \/>\nYOPLA MURRUGARRA, GUILLERMO \u2013Cajamarca<br \/>\nVILLAVICENCIO LEON, NEYRUT \u2013 Cusco<br \/>\nFLORES CASO, CRISANTO \u2013 Huancavelica<br \/>\nBALDE\u00d3N SARMIENTO, H\u00c9CTOR \u2013 Hu\u00e1nuco<br \/>\nAR\u00c9VALO AR\u00c9VALO, GERARDO \u2013 Ica<br \/>\nBARZOLA CARHUANCHO, EDWIN MARCELINO \u2013 Jun\u00edn<br \/>\nROJAS ESPINOZA, JOS\u00c9 PORFIRIO \u2013 La Libertad<br \/>\nMORANTE GAMARRA, PERCY CARLOS \u2013Lambayeque<br \/>\nV\u00c1SQUEZ MATUTE, SOL PATRICIA \u2013 Loreto<br \/>\nJURADO CHAPARRO, EDITH \u2013 Madre de Dios<br \/>\nYUGRA MAQUERA, WILSON \u2013 Moquegua<br \/>\nMARTINEZ GONZALES, GLORIA \u2013 Piura<br \/>\nMAMANI PACHO, ELEAZAR \u2013 Puno<br \/>\nGRANDEZ AGUILAR, NAZARIO \u2013 San Mart\u00edn<br \/>\nPAUCAR YARIHUAMAN, JUAN PABLO \u2013Tacna<br \/>\nRUMICHE HERRERA, RICARDO PABLO \u2013 TUMBES<br \/>\nJUAN TAFUR P\u00c9REZ \u2013 Decano Regional de Ucayali<\/p>\n<p>&nbsp;<\/p>\n<hr \/>\n<p>&nbsp;<\/p>\n<p><span style=\"color: #000080;\"><strong>SALUDO DE LA JUNTA DIRECTIVA NACIONAL DEL CPPe, POR EL D\u00cdA DEL MAESTRO<\/strong><\/span><br \/>\n<iframe loading=\"lazy\" style=\"border: none; overflow: hidden;\" src=\"https:\/\/www.facebook.com\/plugins\/video.php?href=https%3A%2F%2Fwww.facebook.com%2Fcppecolegiodeprofesoresdelperu%2Fvideos%2F490380585094913%2F&amp;show_text=1&amp;width=560\" width=\"560\" height=\"497\" frameborder=\"0\" scrolling=\"no\" allowfullscreen=\"allowfullscreen\"><\/iframe><\/p>\n<p><span style=\"color: #000080;\">SALUDOS DE LOS DECANOS REGIONALES DEL CPPe, POR EL D\u00cdA DEL MAESTRO.<\/span><br \/>\n<iframe loading=\"lazy\" style=\"border: none; overflow: hidden;\" src=\"https:\/\/www.facebook.com\/plugins\/video.php?href=https%3A%2F%2Fwww.facebook.com%2Fcppecolegiodeprofesoresdelperu%2Fvideos%2F586701978713436%2F&amp;show_text=1&amp;width=560\" width=\"560\" height=\"470\" frameborder=\"0\" scrolling=\"no\" allowfullscreen=\"allowfullscreen\"><\/iframe><br \/>\n&nbsp;<\/p>\n","protected":false},"excerpt":{"rendered":"<p>La Junta Directiva Nacional y Juntas Directivas Regionales del Colegio de Profesores del Per\u00fa, periodo 2020 &#8211; 2023, expresan su saludo institucional a los maestros del pa\u00eds, por asumir una delicada funci\u00f3n y contribuir a la educaci\u00f3n y la cultura nacional.<\/p>\n","protected":false},"author":3,"featured_media":3543,"comment_status":"open","ping_status":"open","sticky":false,"template":"","format":"standard","meta":{"_seopress_robots_primary_cat":"","_seopress_titles_title":"","_seopress_titles_desc":"","_seopress_robots_index":"","_et_pb_use_builder":"","_et_pb_old_content":"","_et_gb_content_width":"","footnotes":""},"categories":[21],"tags":[],"class_list":["post-3542","post","type-post","status-publish","format-standard","has-post-thumbnail","hentry","category-publicaciones"],"_links":{"self":[{"href":"https:\/\/cppe.org.pe\/portal\/wp-json\/wp\/v2\/posts\/3542","targetHints":{"allow":["GET"]}}],"collection":[{"href":"https:\/\/cppe.org.pe\/portal\/wp-json\/wp\/v2\/posts"}],"about":[{"href":"https:\/\/cppe.org.pe\/portal\/wp-json\/wp\/v2\/types\/post"}],"author":[{"embeddable":true,"href":"https:\/\/cppe.org.pe\/portal\/wp-json\/wp\/v2\/users\/3"}],"replies":[{"embeddable":true,"href":"https:\/\/cppe.org.pe\/portal\/wp-json\/wp\/v2\/comments?post=3542"}],"version-history":[{"count":1,"href":"https:\/\/cppe.org.pe\/portal\/wp-json\/wp\/v2\/posts\/3542\/revisions"}],"predecessor-version":[{"id":5821,"href":"https:\/\/cppe.org.pe\/portal\/wp-json\/wp\/v2\/posts\/3542\/revisions\/5821"}],"wp:featuredmedia":[{"embeddable":true,"href":"https:\/\/cppe.org.pe\/portal\/wp-json\/wp\/v2\/media\/3543"}],"wp:attachment":[{"href":"https:\/\/cppe.org.pe\/portal\/wp-json\/wp\/v2\/media?parent=3542"}],"wp:term":[{"taxonomy":"category","embeddable":true,"href":"https:\/\/cppe.org.pe\/portal\/wp-json\/wp\/v2\/categories?post=3542"},{"taxonomy":"post_tag","embeddable":true,"href":"https:\/\/cppe.org.pe\/portal\/wp-json\/wp\/v2\/tags?post=3542"}],"curies":[{"name":"wp","href":"https:\/\/api.w.org\/{rel}","templated":true}]}}