{"id":5650,"date":"2014-10-15T02:34:16","date_gmt":"2014-10-15T02:34:16","guid":{"rendered":"http:\/\/cppe.org.pe\/nuevaweb\/?p=176"},"modified":"2024-08-09T12:38:29","modified_gmt":"2024-08-09T17:38:29","slug":"feria-laboral-online-del-sector-publico","status":"publish","type":"post","link":"https:\/\/cppe.org.pe\/portal\/feria-laboral-online-del-sector-publico\/","title":{"rendered":"Feria Laboral Online del Sector P\u00fablico"},"content":{"rendered":"<p>Se llevar\u00e1 a cabo la primera edici\u00f3n de la Feria laboral online del Sector P\u00fablico que se realizar\u00e1 del 16 &#8211; 30 de octubre, a trav\u00e9s de la cual, los estudiantes y egresados podr\u00e1n postular a las ofertas laborales de las principales entidades del Estado.<\/p>\n<p>Entre los asistentes a la feria tenemos a las siguientes entidades: Senace, Indecopi, ITP, Osinfor, Sencico, ONP, Pronabec, Contralor\u00eda General de la Rep\u00fablica, Banco de la Naci\u00f3n, ESSALUD, Sierra Exportadora, Ministerio de Sa<span class=\"text_exposed_show\">lud, Osiptel, Fonafe, Ceplan, INIA, Cafae-se, Produce, OEFA, entre otros.<\/span><\/p>\n<p><span class=\"text_exposed_show\">Link de la Feria:\u00a0<a href=\"http:\/\/feria.laborum.pe\/sectorpublico\/\" target=\"_blank\" rel=\"nofollow noopener\">http:\/\/feria.laborum.pe\/sectorpublico\/<\/a><\/span><\/p>\n<p><a href=\"https:\/\/cppe.net.pe\/portal\/wp-content\/uploads\/2014\/11\/1959426_1508805662711212_4957589351677599504_n.jpg\"><img loading=\"lazy\" decoding=\"async\" class=\"aligncenter size-full wp-image-177\" src=\"https:\/\/cppe.net.pe\/portal\/wp-content\/uploads\/2014\/11\/1959426_1508805662711212_4957589351677599504_n.jpg\" alt=\"1959426_1508805662711212_4957589351677599504_n\" width=\"717\" height=\"607\" \/><\/a><\/p>\n","protected":false},"excerpt":{"rendered":"<p>Se llevar\u00e1 a cabo la primera edici\u00f3n de la Feria laboral online del Sector P\u00fablico que se realizar\u00e1 del 16 &#8211; 30 de octubre, a trav\u00e9s de la cual, los estudiantes y egresados podr\u00e1n postular a las ofertas laborales de las principales entidades del Estado. Entre los asistentes a la feria tenemos a las siguientes [&hellip;]<\/p>\n","protected":false},"author":4,"featured_media":0,"comment_status":"open","ping_status":"open","sticky":false,"template":"","format":"standard","meta":{"_seopress_robots_primary_cat":"","_seopress_titles_title":"","_seopress_titles_desc":"","_seopress_robots_index":"","_et_pb_use_builder":"","_et_pb_old_content":"","_et_gb_content_width":"","footnotes":""},"categories":[21],"tags":[],"class_list":["post-5650","post","type-post","status-publish","format-standard","hentry","category-publicaciones"],"_links":{"self":[{"href":"https:\/\/cppe.org.pe\/portal\/wp-json\/wp\/v2\/posts\/5650","targetHints":{"allow":["GET"]}}],"collection":[{"href":"https:\/\/cppe.org.pe\/portal\/wp-json\/wp\/v2\/posts"}],"about":[{"href":"https:\/\/cppe.org.pe\/portal\/wp-json\/wp\/v2\/types\/post"}],"author":[{"embeddable":true,"href":"https:\/\/cppe.org.pe\/portal\/wp-json\/wp\/v2\/users\/4"}],"replies":[{"embeddable":true,"href":"https:\/\/cppe.org.pe\/portal\/wp-json\/wp\/v2\/comments?post=5650"}],"version-history":[{"count":1,"href":"https:\/\/cppe.org.pe\/portal\/wp-json\/wp\/v2\/posts\/5650\/revisions"}],"predecessor-version":[{"id":6136,"href":"https:\/\/cppe.org.pe\/portal\/wp-json\/wp\/v2\/posts\/5650\/revisions\/6136"}],"wp:attachment":[{"href":"https:\/\/cppe.org.pe\/portal\/wp-json\/wp\/v2\/media?parent=5650"}],"wp:term":[{"taxonomy":"category","embeddable":true,"href":"https:\/\/cppe.org.pe\/portal\/wp-json\/wp\/v2\/categories?post=5650"},{"taxonomy":"post_tag","embeddable":true,"href":"https:\/\/cppe.org.pe\/portal\/wp-json\/wp\/v2\/tags?post=5650"}],"curies":[{"name":"wp","href":"https:\/\/api.w.org\/{rel}","templated":true}]}}