{"id":5653,"date":"2014-10-22T02:36:54","date_gmt":"2014-10-22T02:36:54","guid":{"rendered":"http:\/\/cppe.org.pe\/nuevaweb\/?p=181"},"modified":"2024-08-09T12:38:22","modified_gmt":"2024-08-09T17:38:22","slug":"vista-de-causa-del-tribunal-constitucional-30102014","status":"publish","type":"post","link":"https:\/\/cppe.org.pe\/portal\/vista-de-causa-del-tribunal-constitucional-30102014\/","title":{"rendered":"Vista de Causa del Tribunal Constitucional 30\/10\/2014"},"content":{"rendered":"<table border=\"0\" align=\"center\">\n<tbody>\n<tr>\n<td width=\"12%\"><img loading=\"lazy\" decoding=\"async\" src=\"http:\/\/tc.gob.pe\/imagen\/escudo_peru_negro.png\" alt=\"\" width=\"58\" height=\"71\" \/><\/td>\n<td align=\"center\" width=\"88%\"><strong>TRIBUNAL CONSTITUCIONAL<\/strong><br \/>\n<strong>SECRETAR\u00cdA RELATOR\u00cdA<\/strong><\/td>\n<\/tr>\n<tr>\n<td colspan=\"2\" height=\"65\">EN LA FECHA MI\u00c9RCOLES 15 DE OCTUBRE DE 2014 SE HA FIJADO PARA LA VISTA DE CAUSA EN AUDIENCIA PUBLICA, EN CALLE MISTI 102- YANAHUARA , AREQUIPA LOS SIGUIENTES EXPEDIENTES:<\/td>\n<\/tr>\n<tr>\n<td colspan=\"2\" height=\"43\">SESION DEL PLENO (*)(**)<\/td>\n<\/tr>\n<\/tbody>\n<\/table>\n<table border=\"1\" align=\"center\">\n<tbody>\n<tr align=\"center\" bgcolor=\"#D2F0FF\">\n<th>N\u00ba<\/th>\n<th>Nro.Expediente<\/th>\n<th>Demandante<\/th>\n<th>Demandado<\/th>\n<th>Fecha de Vista<\/th>\n<th>Hora<\/th>\n<\/tr>\n<tr>\n<td align=\"center\" width=\"40px\">1<\/td>\n<td align=\"center\" width=\"150px\">00021-2012-AI<\/td>\n<td align=\"left\" width=\"250px\">COLEGIO DE PROFESORES DEL PERU Representado(a) por MANUEL EUSEBIO RODRIGUEZ RODRIGUEZ<\/td>\n<td align=\"left\" width=\"250px\">CONGRESO DE LA REPUBLICA &#8211; INCISO D DEL ARTICULO 18\u00ba LEY DE REFORMA MAGISTERIAL<\/td>\n<td align=\"center\" width=\"70px\">31\/10\/2014<\/td>\n<td align=\"center\" width=\"50px\">09:30<\/td>\n<\/tr>\n<tr>\n<td align=\"center\" width=\"40px\">2<\/td>\n<td align=\"center\" width=\"150px\">00005-2013-AI<\/td>\n<td align=\"left\" width=\"250px\">EDUARDO VEGA LUNA &#8211; DEFENSOR DEL PUEBLO<\/td>\n<td align=\"left\" width=\"250px\">ARTICULO 12 DEL DECRETO LEGISLATIVO N\u00ba 1129 &#8211; SISTEMA DE DEFENSA NACIONAL<\/td>\n<td align=\"center\" width=\"70px\">31\/10\/2014<\/td>\n<td align=\"center\" width=\"50px\">09:30<\/td>\n<\/tr>\n<tr>\n<td align=\"center\" width=\"40px\">3<\/td>\n<td align=\"center\" width=\"150px\">00008-2013-AI<\/td>\n<td align=\"left\" width=\"250px\">MANUEL EUSEBIO RODRIGUEZ RODRIGUEZ (DECANO NACIONAL DEL COLEGIO DE PROFESORES DEL PERU)<\/td>\n<td align=\"left\" width=\"250px\">PRIMERA DISPOSICION COMPLEMENTARIA, TRANSITORIA Y FINAL DE LA LEY N\u00ba 29944 &#8211; LEY DE REFORMA MAGISTERIAL<\/td>\n<td align=\"center\" width=\"70px\">31\/10\/2014<\/td>\n<td align=\"center\" width=\"50px\">09:30<\/td>\n<\/tr>\n<tr>\n<td align=\"center\" width=\"40px\">4<\/td>\n<td align=\"center\" width=\"150px\">00009-2013-AI<\/td>\n<td align=\"left\" width=\"250px\">13, 779 CIUDADANOS (ART. 203 INC. 5 CONSTITUCI\u00d3N POL\u00cdTICA DEL PER\u00da) REPRESENTADO POR RENEE RAMIREZ PUERTA<\/td>\n<td align=\"left\" width=\"250px\">CONGRESO DE LA REPUBLICA &#8211; \u00abLEY DE REFORMA MAGISTERIAL\u00bb LEY N\u00ba 29944 &#8211; ARTICULOS: 20, 25, 29, 38, 40 LITERAL H, 56, 71 LITERAL A. A. 9, Y 78 PRIMERA Y SEGUNDA DISPOSICION COMPLEMENTARIA, TRANSITORIA Y FINAL &#8211;<\/td>\n<td align=\"center\" width=\"70px\">31\/10\/2014<\/td>\n<td align=\"center\" width=\"50px\">09:30<\/td>\n<\/tr>\n<tr>\n<td align=\"center\" width=\"40px\"><\/td>\n<td align=\"center\" width=\"150px\"><\/td>\n<td align=\"left\" width=\"250px\"><\/td>\n<td align=\"left\" width=\"250px\"><\/td>\n<td align=\"center\" width=\"70px\"><\/td>\n<td align=\"center\" width=\"50px\"><\/td>\n<\/tr>\n<\/tbody>\n<\/table>\n<table border=\"0\" align=\"center\">\n<tbody>\n<tr>\n<td align=\"center\" height=\"66\"><img loading=\"lazy\" decoding=\"async\" src=\"http:\/\/www.tc.gob.pe\/audiencias\/firma_diaz.jpg\" alt=\"\" width=\"242\" height=\"207\" \/><\/td>\n<\/tr>\n<tr>\n<td align=\"justify\" height=\"111\">(*) Conforme lo establece el art\u00edculo 31 del Reglamento del Tribunal Constitucional aprobado mediante Resoluci\u00f3n Administrativa N\u00b0 095-2004-P\/TC,modificado por Resoluci\u00f3n Administrativa N\u00b0 0034-2005-P\/TC (publicada en el diario Oficial \u00abEl Peruano\u00bb el 23 de Abril de 2005) \u00abEl informe oral,para ser concedido, deber\u00e1 ser solicitado, por escrito, hasta dentro de los tres d\u00edas h\u00e1biles siguientes a la publicaci\u00f3n del d\u00eda de la audiencia en elportal electr\u00f3nico del Tribunal Constitucional.En los casos de h\u00e1beas corpus con reo en carcel o con detenci\u00f3n domiciliaria, el informe oral sobre hechos se podr\u00e1 escuchar v\u00eda telef\u00f3nica,ante la audiencia, si ello fuere solicitado en el plazo se\u00f1alado anteriormente\u00bb.<br \/>\n(**) El registro de las partes y sus abogados que solicitaron informar conforme al art\u00edculo precitado, se efectuar\u00e1 hasta 15 minutos antes de la hora fijada para la audiencia p\u00fablica.<\/td>\n<\/tr>\n<\/tbody>\n<\/table>\n<p>&nbsp;<\/p>\n<p><strong>ENTRAR AL LINK PARA VER LA P\u00c1GINA COMPLETA<\/strong>: <a href=\"http:\/\/www.tc.gob.pe\/audiencias\/31102014_0a.html\">http:\/\/www.tc.gob.pe\/audiencias\/31102014_0a.html<\/a><\/p>\n","protected":false},"excerpt":{"rendered":"<p>TRIBUNAL CONSTITUCIONAL SECRETAR\u00cdA RELATOR\u00cdA EN LA FECHA MI\u00c9RCOLES 15 DE OCTUBRE DE 2014 SE HA FIJADO PARA LA VISTA DE CAUSA EN AUDIENCIA PUBLICA, EN CALLE MISTI 102- YANAHUARA , AREQUIPA LOS SIGUIENTES EXPEDIENTES: SESION DEL PLENO (*)(**) N\u00ba Nro.Expediente Demandante Demandado Fecha de Vista Hora 1 00021-2012-AI COLEGIO DE PROFESORES DEL PERU Representado(a) por [&hellip;]<\/p>\n","protected":false},"author":4,"featured_media":0,"comment_status":"open","ping_status":"open","sticky":false,"template":"","format":"standard","meta":{"_seopress_robots_primary_cat":"","_seopress_titles_title":"","_seopress_titles_desc":"","_seopress_robots_index":"","_et_pb_use_builder":"","_et_pb_old_content":"","_et_gb_content_width":"","footnotes":""},"categories":[21],"tags":[],"class_list":["post-5653","post","type-post","status-publish","format-standard","hentry","category-publicaciones"],"_links":{"self":[{"href":"https:\/\/cppe.org.pe\/portal\/wp-json\/wp\/v2\/posts\/5653","targetHints":{"allow":["GET"]}}],"collection":[{"href":"https:\/\/cppe.org.pe\/portal\/wp-json\/wp\/v2\/posts"}],"about":[{"href":"https:\/\/cppe.org.pe\/portal\/wp-json\/wp\/v2\/types\/post"}],"author":[{"embeddable":true,"href":"https:\/\/cppe.org.pe\/portal\/wp-json\/wp\/v2\/users\/4"}],"replies":[{"embeddable":true,"href":"https:\/\/cppe.org.pe\/portal\/wp-json\/wp\/v2\/comments?post=5653"}],"version-history":[{"count":1,"href":"https:\/\/cppe.org.pe\/portal\/wp-json\/wp\/v2\/posts\/5653\/revisions"}],"predecessor-version":[{"id":6134,"href":"https:\/\/cppe.org.pe\/portal\/wp-json\/wp\/v2\/posts\/5653\/revisions\/6134"}],"wp:attachment":[{"href":"https:\/\/cppe.org.pe\/portal\/wp-json\/wp\/v2\/media?parent=5653"}],"wp:term":[{"taxonomy":"category","embeddable":true,"href":"https:\/\/cppe.org.pe\/portal\/wp-json\/wp\/v2\/categories?post=5653"},{"taxonomy":"post_tag","embeddable":true,"href":"https:\/\/cppe.org.pe\/portal\/wp-json\/wp\/v2\/tags?post=5653"}],"curies":[{"name":"wp","href":"https:\/\/api.w.org\/{rel}","templated":true}]}}