{"id":5666,"date":"2014-11-11T03:19:35","date_gmt":"2014-11-11T03:19:35","guid":{"rendered":"http:\/\/cppe.org.pe\/nuevaweb\/?p=208"},"modified":"2024-08-09T12:36:01","modified_gmt":"2024-08-09T17:36:01","slug":"resultados-definitivos-de-reubicaciones-de-escala-de-profesores","status":"publish","type":"post","link":"https:\/\/cppe.org.pe\/portal\/resultados-definitivos-de-reubicaciones-de-escala-de-profesores\/","title":{"rendered":"Resultados definitivos de reubicaciones de escala de profesores"},"content":{"rendered":"<p>Concursos Excepcionales de Reubicaci\u00f3n en la Tercera, Cuarta, Quinta y Sexta Escala Magisterial<!--more--><\/p>\n<div class=\"main-content\">\n<h3>Resultados Primer Concurso<\/h3>\n<p><strong>RESULTADOS DEFINITIVOS DE REUBICACIONES DE ESCALA DE PROFESORES \u00a0 \u00a0 \u00a0<\/strong><\/p>\n<ul>\n<li><strong>\u00c1mbito Nacional:<\/strong>\u00a0incluye los resultados de los profesores reubicados en la Quinta y Sexta Escala Magisterial.<a href=\"http:\/\/evaluaciondocente.perueduca.pe\/reubicacion\/wp-content\/uploads\/sites\/5\/2014\/10\/R1D_NACIONAL.pdf\">Consulte aqu\u00ed<\/a>.<\/li>\n<li><strong>\u00c1mbito Regional:<\/strong>\u00a0incluye los resultados de los profesores reubicados en la Tercera y Cuarta Escala Magisterial. Ubique a continuaci\u00f3n su regi\u00f3n:<\/li>\n<\/ul>\n<p><a href=\"http:\/\/evaluaciondocente.perueduca.pe\/reubicacion\/wp-content\/uploads\/sites\/5\/2014\/10\/R1D_AMAZONAS.pdf\">Amazonas<\/a>\u00a0&#8211;\u00a0<a href=\"http:\/\/evaluaciondocente.perueduca.pe\/reubicacion\/wp-content\/uploads\/sites\/5\/2014\/10\/R1D_ANCASH.pdf\">Ancash<\/a>\u00a0&#8211;\u00a0<a href=\"http:\/\/evaluaciondocente.perueduca.pe\/reubicacion\/wp-content\/uploads\/sites\/5\/2014\/10\/R1D_APURIMAC.pdf\">Apur\u00edmac<\/a>\u00a0&#8211;\u00a0<a href=\"http:\/\/evaluaciondocente.perueduca.pe\/reubicacion\/wp-content\/uploads\/sites\/5\/2014\/10\/R1D_AREQUIPA.pdf\">Arequipa<\/a>\u00a0&#8211;\u00a0<a href=\"http:\/\/evaluaciondocente.perueduca.pe\/reubicacion\/wp-content\/uploads\/sites\/5\/2014\/10\/R1D_AYACUCHO.pdf\">Ayacucho<\/a>\u00a0&#8211;\u00a0<a href=\"http:\/\/evaluaciondocente.perueduca.pe\/reubicacion\/wp-content\/uploads\/sites\/5\/2014\/10\/R1D_CAJAMARCA.pdf\">Cajamarca<\/a>\u00a0&#8211;\u00a0<a href=\"http:\/\/evaluaciondocente.perueduca.pe\/reubicacion\/wp-content\/uploads\/sites\/5\/2014\/10\/R1D_CALLAO.pdf\">Callao<\/a>\u00a0&#8211;\u00a0<a href=\"http:\/\/evaluaciondocente.perueduca.pe\/reubicacion\/wp-content\/uploads\/sites\/5\/2014\/10\/R1D_CUSCO.pdf\">Cusco<\/a>\u00a0&#8211;\u00a0<a href=\"http:\/\/evaluaciondocente.perueduca.pe\/reubicacion\/wp-content\/uploads\/sites\/5\/2014\/10\/R1D_HUANCAVELICA.pdf\">Huancavelica<\/a>\u00a0&#8211;\u00a0<a href=\"http:\/\/evaluaciondocente.perueduca.pe\/reubicacion\/wp-content\/uploads\/sites\/5\/2014\/10\/R1D_HUANUCO.pdf\">Hu\u00e1nuco<\/a><\/p>\n<p><a href=\"http:\/\/evaluaciondocente.perueduca.pe\/reubicacion\/wp-content\/uploads\/sites\/5\/2014\/10\/R1D_ICA.pdf\">Ica<\/a>\u00a0\u2013\u00a0<a href=\"http:\/\/evaluaciondocente.perueduca.pe\/reubicacion\/wp-content\/uploads\/sites\/5\/2014\/10\/R1D_JUNIN.pdf\">Jun\u00edn<\/a>\u00a0\u2013\u00a0<a href=\"http:\/\/evaluaciondocente.perueduca.pe\/reubicacion\/wp-content\/uploads\/sites\/5\/2014\/10\/R1D_LALIBERTAD.pdf\">La Libertad<\/a>\u00a0\u2013\u00a0<a href=\"http:\/\/evaluaciondocente.perueduca.pe\/reubicacion\/wp-content\/uploads\/sites\/5\/2014\/10\/R1D_LAMBAYEQUE.pdf\">Lambayeque<\/a>\u00a0\u2013\u00a0<a href=\"http:\/\/evaluaciondocente.perueduca.pe\/reubicacion\/wp-content\/uploads\/sites\/5\/2014\/10\/R1D_LIMAMETROPOLITANA.pdf\">Lima Metropolitana<\/a>\u00a0\u2013\u00a0<a href=\"http:\/\/evaluaciondocente.perueduca.pe\/reubicacion\/wp-content\/uploads\/sites\/5\/2014\/10\/R1D_LIMAPROVINCIAS.pdf\">Lima Provincias<\/a>\u00a0\u2013\u00a0<a href=\"http:\/\/evaluaciondocente.perueduca.pe\/reubicacion\/wp-content\/uploads\/sites\/5\/2014\/10\/R1D_LORETO.pdf\">Loreto<\/a><\/p>\n<p><a href=\"http:\/\/evaluaciondocente.perueduca.pe\/reubicacion\/wp-content\/uploads\/sites\/5\/2014\/10\/R1D_MADREDEDIOS.pdf\">Madre de Dios<\/a>\u00a0\u2013\u00a0<a href=\"http:\/\/evaluaciondocente.perueduca.pe\/reubicacion\/wp-content\/uploads\/sites\/5\/2014\/10\/R1D_MOQUEGUA.pdf\">Moquegua<\/a>\u00a0\u2013\u00a0<a href=\"http:\/\/evaluaciondocente.perueduca.pe\/reubicacion\/wp-content\/uploads\/sites\/5\/2014\/10\/R1D_PASCO.pdf\">Pasco<\/a>\u00a0\u2013\u00a0<a href=\"http:\/\/evaluaciondocente.perueduca.pe\/reubicacion\/wp-content\/uploads\/sites\/5\/2014\/10\/R1D_PIURA.pdf\">Piura<\/a>\u00a0\u2013\u00a0<a href=\"http:\/\/evaluaciondocente.perueduca.pe\/reubicacion\/wp-content\/uploads\/sites\/5\/2014\/10\/R1D_PUNO.pdf\">Puno<\/a>\u00a0\u2013\u00a0<a href=\"http:\/\/evaluaciondocente.perueduca.pe\/reubicacion\/wp-content\/uploads\/sites\/5\/2014\/10\/R1D_SANMARTIN.pdf\">San Mart\u00edn<\/a>\u00a0\u2013\u00a0<a href=\"http:\/\/evaluaciondocente.perueduca.pe\/reubicacion\/wp-content\/uploads\/sites\/5\/2014\/10\/R1D_TACNA.pdf\">Tacna<\/a>\u00a0\u2013\u00a0<a href=\"http:\/\/evaluaciondocente.perueduca.pe\/reubicacion\/wp-content\/uploads\/sites\/5\/2014\/10\/R1D_TUMBES.pdf\">Tumbes<\/a>\u00a0\u2013\u00a0<a href=\"http:\/\/evaluaciondocente.perueduca.pe\/reubicacion\/wp-content\/uploads\/sites\/5\/2014\/10\/R1D_UCAYALI.pdf\">Ucayali<\/a><\/p>\n<p><strong>Nota:<\/strong><\/p>\n<p>Los profesores que figuren en esta lista\u00a0deben acreditar sus requisitos ante la Unidad de Gesti\u00f3n Educativa Local (UGEL)\u00a0<strong>del 11 al 14 de noviembre<\/strong>.\u00a0<a title=\"Acreditaci\u00f3n de requisitos\" href=\"http:\/\/evaluaciondocente.perueduca.pe\/reubicacion\/los-concursos\/acreditacion-de-requisitos\/\">M\u00e1s informaci\u00f3n aqu\u00ed<\/a>.<\/p>\n<p>&nbsp;<\/p>\n<p><strong>RESULTADOS FINALES DEL PRIMER CONCURSO DE REUBICACI\u00d3N\u00a0<\/strong><\/p>\n<ul>\n<li><strong>\u00c1mbito Nacional:<\/strong>\u00a0incluye los resultados de los profesores reubicados en la\u00a0<strong>Quinta<\/strong>\u00a0y\u00a0<strong>Sexta<\/strong>\u00a0Escala Magisterial.\u00a0<a href=\"http:\/\/evaluaciondocente.perueduca.pe\/reubicacion\/wp-content\/uploads\/sites\/5\/2014\/10\/R1_NACIONAL.compressed.pdf\">Consulte aqu\u00ed.<\/a><\/li>\n<li><strong>\u00c1mbito Regional:<\/strong>\u00a0incluye los resultados de los profesores reubicados en la\u00a0<strong>Tercera\u00a0<\/strong>y\u00a0<strong>Cuarta\u00a0<\/strong>Escala Magisterial. Ubique a continuaci\u00f3n su regi\u00f3n:<\/li>\n<\/ul>\n<p><a href=\"http:\/\/evaluaciondocente.perueduca.pe\/reubicacion\/wp-content\/uploads\/sites\/5\/2014\/10\/R1_AMAZONAS.pdf\">Amazonas<\/a>\u00a0&#8211;\u00a0<a href=\"http:\/\/evaluaciondocente.perueduca.pe\/reubicacion\/wp-content\/uploads\/sites\/5\/2014\/10\/R1_ANCASH.pdf\">Ancash<\/a>\u00a0 &#8211;\u00a0<a href=\"http:\/\/evaluaciondocente.perueduca.pe\/reubicacion\/wp-content\/uploads\/sites\/5\/2014\/10\/R1_APURIMAC.pdf\">Apur\u00edmac<\/a>\u00a0&#8211;\u00a0<a href=\"http:\/\/evaluaciondocente.perueduca.pe\/reubicacion\/wp-content\/uploads\/sites\/5\/2014\/10\/R1_AREQUIPA.pdf\">Arequipa<\/a>\u00a0&#8211;\u00a0<a href=\"http:\/\/evaluaciondocente.perueduca.pe\/reubicacion\/wp-content\/uploads\/sites\/5\/2014\/10\/R1_AYACUCHO.pdf\">Ayacucho<\/a>\u00a0&#8211;\u00a0<a href=\"http:\/\/evaluaciondocente.perueduca.pe\/reubicacion\/wp-content\/uploads\/sites\/5\/2014\/10\/R1_CAJAMARCA.pdf\">Cajamarca<\/a>\u00a0&#8211;\u00a0<a href=\"http:\/\/evaluaciondocente.perueduca.pe\/reubicacion\/wp-content\/uploads\/sites\/5\/2014\/10\/R1_CALLAO.pdf\">Callao<\/a>\u00a0&#8211;\u00a0<a href=\"http:\/\/evaluaciondocente.perueduca.pe\/reubicacion\/wp-content\/uploads\/sites\/5\/2014\/10\/R1_CUSCO.pdf\">Cusco<\/a>\u00a0&#8211;\u00a0<a href=\"http:\/\/evaluaciondocente.perueduca.pe\/reubicacion\/wp-content\/uploads\/sites\/5\/2014\/10\/R1_HUANCAVELICA.pdf\">Huancavelica<\/a>\u00a0&#8211;\u00a0<a href=\"http:\/\/evaluaciondocente.perueduca.pe\/reubicacion\/wp-content\/uploads\/sites\/5\/2014\/10\/R1_HUANUCO.pdf\">Hu\u00e1nuco<\/a><\/p>\n<p><a href=\"http:\/\/evaluaciondocente.perueduca.pe\/reubicacion\/wp-content\/uploads\/sites\/5\/2014\/10\/R1_ICA.pdf\">Ica<\/a>\u00a0&#8211;\u00a0<a href=\"http:\/\/evaluaciondocente.perueduca.pe\/reubicacion\/wp-content\/uploads\/sites\/5\/2014\/10\/R1_JUNIN.pdf\">Jun\u00edn<\/a>\u00a0&#8211;\u00a0<a href=\"http:\/\/evaluaciondocente.perueduca.pe\/reubicacion\/wp-content\/uploads\/sites\/5\/2014\/10\/R1_LALIBERTAD.pdf\">La Libertad<\/a>\u00a0&#8211;\u00a0<a href=\"http:\/\/evaluaciondocente.perueduca.pe\/reubicacion\/wp-content\/uploads\/sites\/5\/2014\/10\/R1_LAMBAYEQUE.pdf\">Lambayeque<\/a>\u00a0&#8211;\u00a0<a href=\"http:\/\/evaluaciondocente.perueduca.pe\/reubicacion\/wp-content\/uploads\/sites\/5\/2014\/10\/R1_LIMAMETROPOLITANA.pdf\">Lima Metropolitana<\/a>\u00a0&#8211;\u00a0<a href=\"http:\/\/evaluaciondocente.perueduca.pe\/reubicacion\/wp-content\/uploads\/sites\/5\/2014\/10\/R1_LIMAPROVINCIAS.pdf\">Lima Provincias<\/a>\u00a0&#8211;\u00a0<a href=\"http:\/\/evaluaciondocente.perueduca.pe\/reubicacion\/wp-content\/uploads\/sites\/5\/2014\/10\/R1_LORETO.pdf\">Loreto<\/a><\/p>\n<p><a href=\"http:\/\/evaluaciondocente.perueduca.pe\/reubicacion\/wp-content\/uploads\/sites\/5\/2014\/10\/R1_MADREDEDIOS.pdf\">Madre de Dios<\/a>\u00a0&#8211;\u00a0<a href=\"http:\/\/evaluaciondocente.perueduca.pe\/reubicacion\/wp-content\/uploads\/sites\/5\/2014\/10\/R1_MOQUEGUA.pdf\">Moquegua<\/a>\u00a0&#8211;\u00a0<a href=\"http:\/\/evaluaciondocente.perueduca.pe\/reubicacion\/wp-content\/uploads\/sites\/5\/2014\/10\/R1_PASCO.pdf\">Pasco<\/a>\u00a0&#8211;\u00a0<a href=\"http:\/\/evaluaciondocente.perueduca.pe\/reubicacion\/wp-content\/uploads\/sites\/5\/2014\/10\/R1_PIURA.pdf\">Piura<\/a>\u00a0&#8211;\u00a0<a href=\"http:\/\/evaluaciondocente.perueduca.pe\/reubicacion\/wp-content\/uploads\/sites\/5\/2014\/10\/R1_PUNO.pdf\">Puno<\/a>\u00a0&#8211;\u00a0<a href=\"http:\/\/evaluaciondocente.perueduca.pe\/reubicacion\/wp-content\/uploads\/sites\/5\/2014\/10\/R1_SANMARTIN.pdf\">San Mart\u00edn<\/a>\u00a0&#8211;\u00a0<a href=\"http:\/\/evaluaciondocente.perueduca.pe\/reubicacion\/wp-content\/uploads\/sites\/5\/2014\/10\/R1_TACNA.pdf\">Tacna<\/a>\u00a0&#8211;\u00a0<a href=\"http:\/\/evaluaciondocente.perueduca.pe\/reubicacion\/wp-content\/uploads\/sites\/5\/2014\/10\/R1_TUMBES.pdf\">Tumbes<\/a>\u00a0&#8211;\u00a0<a href=\"http:\/\/evaluaciondocente.perueduca.pe\/reubicacion\/wp-content\/uploads\/sites\/5\/2014\/10\/R1_UCAYALI.pdf\">Ucayali<\/a><\/p>\n<ul>\n<li>\u00a0<strong>Resultados por grupo, escala y \u00e1mbito:\u00a0<\/strong><a href=\"http:\/\/evaluaciondocente.perueduca.pe\/reubicacion\/wp-content\/uploads\/sites\/5\/2014\/10\/Reubicaci%C3%B3n-por-grupo-escala-y-%C3%A1mbito.pdf\">consulte el consolidado aqu\u00ed.<\/a><\/li>\n<li><strong>Consulta individual:\u00a0<\/strong>consulte su puntaje y reubicaci\u00f3n obtenidos mediante la prueba nacional del Primer Concurso de Reubicaci\u00f3n. Tambi\u00e9n encontrar\u00e1 las opciones que marc\u00f3 en la ficha de respuestas.\u00a0Para acceder registre su n\u00famero del DNI y la clave personal asignada en el siguiente\u00a0<a href=\"http:\/\/evaluaciondocente.perueduca.pe\/consultareubica\/\">enlace<\/a>.<\/li>\n<\/ul>\n<p><strong>Formato de reclamos:<\/strong>\u00a0El plazo para la presentaci\u00f3n de reclamos se llev\u00f3 a cabo del 13 al 15 de octubre. Los reclamos fueron\u00a0atendidos del 14 de octubre al 05 de noviembre.<\/p>\n<p><a href=\"http:\/\/evaluaciondocente.perueduca.pe\/reubicacion\/los-concursos\/resultados-primer-concurso\/\">\u00a0FUENTE: http:\/\/evaluaciondocente.perueduca.pe\/reubicacion\/los-concursos\/resultados-primer-concurso\/<\/a><\/p>\n<\/div>\n","protected":false},"excerpt":{"rendered":"<p>Concursos Excepcionales de Reubicaci\u00f3n en la Tercera, Cuarta, Quinta y Sexta Escala Magisterial<\/p>\n","protected":false},"author":4,"featured_media":0,"comment_status":"open","ping_status":"open","sticky":false,"template":"","format":"standard","meta":{"_seopress_robots_primary_cat":"","_seopress_titles_title":"","_seopress_titles_desc":"","_seopress_robots_index":"","_et_pb_use_builder":"","_et_pb_old_content":"","_et_gb_content_width":"","footnotes":""},"categories":[21],"tags":[],"class_list":["post-5666","post","type-post","status-publish","format-standard","hentry","category-publicaciones"],"_links":{"self":[{"href":"https:\/\/cppe.org.pe\/portal\/wp-json\/wp\/v2\/posts\/5666","targetHints":{"allow":["GET"]}}],"collection":[{"href":"https:\/\/cppe.org.pe\/portal\/wp-json\/wp\/v2\/posts"}],"about":[{"href":"https:\/\/cppe.org.pe\/portal\/wp-json\/wp\/v2\/types\/post"}],"author":[{"embeddable":true,"href":"https:\/\/cppe.org.pe\/portal\/wp-json\/wp\/v2\/users\/4"}],"replies":[{"embeddable":true,"href":"https:\/\/cppe.org.pe\/portal\/wp-json\/wp\/v2\/comments?post=5666"}],"version-history":[{"count":1,"href":"https:\/\/cppe.org.pe\/portal\/wp-json\/wp\/v2\/posts\/5666\/revisions"}],"predecessor-version":[{"id":6125,"href":"https:\/\/cppe.org.pe\/portal\/wp-json\/wp\/v2\/posts\/5666\/revisions\/6125"}],"wp:attachment":[{"href":"https:\/\/cppe.org.pe\/portal\/wp-json\/wp\/v2\/media?parent=5666"}],"wp:term":[{"taxonomy":"category","embeddable":true,"href":"https:\/\/cppe.org.pe\/portal\/wp-json\/wp\/v2\/categories?post=5666"},{"taxonomy":"post_tag","embeddable":true,"href":"https:\/\/cppe.org.pe\/portal\/wp-json\/wp\/v2\/tags?post=5666"}],"curies":[{"name":"wp","href":"https:\/\/api.w.org\/{rel}","templated":true}]}}