{"id":5686,"date":"2011-03-11T07:41:03","date_gmt":"2011-03-11T07:41:03","guid":{"rendered":"http:\/\/cppe.org.pe\/nuevaweb\/?p=25"},"modified":"2024-08-09T12:38:55","modified_gmt":"2024-08-09T17:38:55","slug":"convocatoria-al-acto-de-conformacion-de-los-comites-electorales-regionales","status":"publish","type":"post","link":"https:\/\/cppe.org.pe\/portal\/convocatoria-al-acto-de-conformacion-de-los-comites-electorales-regionales\/","title":{"rendered":"Convocatoria al acto de conformaci\u00f3n de los Comit\u00e9s Electorales Regionales"},"content":{"rendered":"<p>El Comit\u00e9 Electoral Nacional (CEN) del Colegio de Profesores del Per\u00fa, convoca al acto p\u00fablico para la conformaci\u00f3n de los Comit\u00e9s Electorales Regionales, a realizarse el d\u00eda martes 15 de marzo del 2011 en el local del CPPe. (Jr. Caman\u00e1 560) a las 5:00 pm. Acto que contar\u00e1 con la presencia de un notario p\u00fablico y otras personalidades.<\/p>\n<p><img loading=\"lazy\" decoding=\"async\" class=\"aligncenter wp-image-26 size-full\" src=\"https:\/\/cppe.net.pe\/portal\/wp-content\/uploads\/2014\/11\/comunicadoelectoreal_13_03_2011.jpg\" alt=\"comunicadoelectoreal_13_03_2011\" width=\"500\" height=\"569\" \/><\/p>\n<p>Atentamente,<br \/>\nDirecci\u00f3n Nacional de Prensa<\/p>\n","protected":false},"excerpt":{"rendered":"<p>El Comit\u00e9 Electoral Nacional (CEN) del Colegio de Profesores del Per\u00fa, convoca al acto p\u00fablico para la conformaci\u00f3n de los Comit\u00e9s Electorales Regionales, a realizarse el d\u00eda martes 15 de marzo del 2011 en el local del CPPe. (Jr. Caman\u00e1 560) a las 5:00 pm. Acto que contar\u00e1 con la presencia de un notario p\u00fablico [&hellip;]<\/p>\n","protected":false},"author":4,"featured_media":0,"comment_status":"open","ping_status":"open","sticky":false,"template":"","format":"standard","meta":{"_seopress_robots_primary_cat":"","_seopress_titles_title":"","_seopress_titles_desc":"","_seopress_robots_index":"","_et_pb_use_builder":"","_et_pb_old_content":"","_et_gb_content_width":"","footnotes":""},"categories":[22],"tags":[61,50,62,37,63],"class_list":["post-5686","post","type-post","status-publish","format-standard","hentry","category-comite-electoral-nacional-cencppe","tag-comite-electoral-cppe","tag-cppe","tag-elecciones-regionales-cppe","tag-magisterio","tag-regiones"],"_links":{"self":[{"href":"https:\/\/cppe.org.pe\/portal\/wp-json\/wp\/v2\/posts\/5686","targetHints":{"allow":["GET"]}}],"collection":[{"href":"https:\/\/cppe.org.pe\/portal\/wp-json\/wp\/v2\/posts"}],"about":[{"href":"https:\/\/cppe.org.pe\/portal\/wp-json\/wp\/v2\/types\/post"}],"author":[{"embeddable":true,"href":"https:\/\/cppe.org.pe\/portal\/wp-json\/wp\/v2\/users\/4"}],"replies":[{"embeddable":true,"href":"https:\/\/cppe.org.pe\/portal\/wp-json\/wp\/v2\/comments?post=5686"}],"version-history":[{"count":1,"href":"https:\/\/cppe.org.pe\/portal\/wp-json\/wp\/v2\/posts\/5686\/revisions"}],"predecessor-version":[{"id":6185,"href":"https:\/\/cppe.org.pe\/portal\/wp-json\/wp\/v2\/posts\/5686\/revisions\/6185"}],"wp:attachment":[{"href":"https:\/\/cppe.org.pe\/portal\/wp-json\/wp\/v2\/media?parent=5686"}],"wp:term":[{"taxonomy":"category","embeddable":true,"href":"https:\/\/cppe.org.pe\/portal\/wp-json\/wp\/v2\/categories?post=5686"},{"taxonomy":"post_tag","embeddable":true,"href":"https:\/\/cppe.org.pe\/portal\/wp-json\/wp\/v2\/tags?post=5686"}],"curies":[{"name":"wp","href":"https:\/\/api.w.org\/{rel}","templated":true}]}}